{"id":6452,"global_id":"ehl-i-lezzetiz.biz?id=6452","global_id_lineage":["ehl-i-lezzetiz.biz?id=6452"],"author":"8","status":"publish","date":"2017-04-23 21:04:12","date_utc":"2017-04-23 20:04:12","modified":"2022-10-10 19:24:37","modified_utc":"2022-10-10 18:24:37","url":"https:\/\/ehl-i-lezzetiz.biz\/?tribe_events=mesir-macunu-festivali","rest_url":"https:\/\/ehl-i-lezzetiz.biz\/index.php?rest_route=\/tribe\/events\/v1\/events\/6452","title":"Mesir Macunu Festivali","description":"<p>[:de]Mesir Macunu Festivali<\/p>\n<p>UNESCO\u2019nun \u201cSomut Olmayan K\u00fclt\u00fcrel Miras\u201d listesinde yer alan ve bu y\u0131l 25-30 Nisan\u2019da 477\u2019ncisi ger\u00e7ekle\u015ftirilecek olan Uluslararas\u0131 \u00a0Manisa\u00a0Mesir Macunu Festivali\u2019nde sa\u00e7\u0131lacak mesir macununun haz\u0131rlanmas\u0131na ba\u015fland\u0131.<\/p>\n<p>Yavuz Sultan Selim\u2019in e\u015fi, \u00a0Kanuni Sultan S\u00fcleyman\u2018\u0131n annesi Ay\u015fe Hafsa Sultan hastaland\u0131\u011f\u0131nda d\u00f6nemin \u00fcnl\u00fc hekimi Merkez Efendi taraf\u0131ndan 41 \u00e7e\u015fit baharat\u0131n kar\u0131\u015f\u0131m\u0131yla haz\u0131rlanan mesir macunu, 477. kez halka sa\u00e7\u0131lmak \u00fczere haz\u0131rlan\u0131yor.<\/p>\n<p>Festivalde bu y\u0131l sa\u00e7\u0131lacak 5 ton mesir macunu, \u00a0Manisa\u2018y\u0131 Mesir\u2019i Tan\u0131tma ve Turizm Derne\u011finin imalathanesinde 15 kad\u0131n taraf\u0131ndan asl\u0131na uygun olarak yap\u0131l\u0131yor.<\/p>\n<p>Derne\u011fin Genel Sekreteri \u00d6zlem Erdem, AA muhabirine yapt\u0131\u011f\u0131 a\u00e7\u0131klamada, 477\u2019nci Uluslararas\u0131 \u00a0Manisa\u00a0Mesir Macunu Festivali\u2019nin \u00a021 Mart\u2018ta Nevruz kutlamalar\u0131 ve Sultan Camisi K\u00fclliyesi\u2019nde yer alan Bimarhane\u2019de temsili karma t\u00f6reniyle ba\u015flayaca\u011f\u0131n\u0131, \u00e7e\u015fitli etkinliklerin ard\u0131ndan 30 Nisan\u2019da Sultan Camisi\u2019nden 6 ton mesirin halka sa\u00e7\u0131lmas\u0131yla sona erece\u011fini s\u00f6yledi.<\/p>\n<p>\u201cErkek eli de\u011fmiyor\u201d<\/p>\n<p>Normalde 18-23 Nisan\u2019da ger\u00e7ekle\u015ftirilmesi planlanan festivalin anayasa de\u011fi\u015fikli\u011fi halk oylamas\u0131 nedeniyle 25-30 Nisan\u2019a al\u0131nd\u0131\u011f\u0131n\u0131 dile getiren Erdem, imalathanelerinde 15 kad\u0131n\u0131n \u00e7al\u0131\u015ft\u0131\u011f\u0131n\u0131 belirterek, \u015funlar\u0131 aktard\u0131:<\/p>\n<p>\u201cMesir macunumuz erkek eli de\u011fmeden 15 kad\u0131n i\u015f\u00e7inin eliyle tamamen asl\u0131na en uygun \u015fekilde \u00fcretiliyor. \u00dcretime kesinlikle erkek eli de\u011fmiyor, sadece pazarlama k\u0131sm\u0131nda erkek \u00e7al\u0131\u015fan\u0131m\u0131z bulunuyor. \u0130malathanemizde y\u0131l boyunca mesir macunu \u00fcretimimiz devam ediyor. Geleneklere en uygun \u015fekilde \u00fcretilmesine \u00e7ok dikkat ediyoruz. Mesir macunu \u00fcretiminde kesinlikle teknolojiyi kullanm\u0131yoruz, gelene\u011fe uygun olarak \u00fcretim yap\u0131yoruz. Normal \u015fartlarda 15 g\u00fcnde 6 ton mesir macunu \u00fcretimi yap\u0131labiliyor ancak normal \u00fcretime de devam edildi\u011finden dolay\u0131 sa\u00e7\u0131lacak mesiri karma \u00e7al\u0131\u015fmalar\u0131na \u015fimdiden ba\u015flad\u0131k.\u201d<\/p>\n<p>\u201cForm\u00fcl a\u00e7\u0131s\u0131ndan eleman de\u011fi\u015ftirmiyoruz\u201d<\/p>\n<p>Dernek imalathanesinde \u00e7al\u0131\u015fan personeli mecbur kalmad\u0131k\u00e7a de\u011fi\u015ftirmek istemediklerini belirten Erdem, 25 y\u0131l \u00e7al\u0131\u015f\u0131p emekli olduktan sonra \u00e7al\u0131\u015fan kad\u0131n personelin oldu\u011funa dikkati \u00e7ekerek, \u201cDerne\u011fimizden emekli olup hala b\u00fcnyemizde \u00e7al\u0131\u015fan kad\u0131n \u00e7al\u0131\u015fanlar\u0131m\u0131z var. Personelimizin her biri en az 10-15 y\u0131ld\u0131r yan\u0131m\u0131zda \u00e7al\u0131\u015f\u0131yor. Piyasada \u00fcretim yapan bir\u00e7ok firma var ancak asl\u0131na uygun olarak yapan sadece derne\u011fimiz var. Mesir macunu form\u00fcl\u00fc a\u00e7\u0131s\u0131ndan mecbur kalmad\u0131k\u00e7a eleman de\u011fi\u015ftirmiyoruz, de\u011fi\u015ftirmek istemiyoruz.\u201d \u015feklinde konu\u015ftu.<\/p>\n<p>Dubai\u2019ye de ihra\u00e7 edilecek<\/p>\n<p>Her derde deva oldu\u011funa inan\u0131lan mesir macununun sadece yurt i\u00e7inde de\u011fil yurt d\u0131\u015f\u0131nda da t\u00fcketildi\u011fini ifade eden Erdem, \u201d\u00a0Almanya\u00a0ve \u00a0Rusya\u2018ya ihracat\u0131m\u0131z devam ediyor. Ayr\u0131ca bu y\u0131l \u00a0Dubai\u2018den olduk\u00e7a fazla tonajl\u0131 mesir macunu talebi geldi, g\u00f6r\u00fc\u015fmelerimiz devam ediyor. Her \u00fclkenin prosed\u00fcr\u00fc farkl\u0131. \u00a0Dubai\u2018den, 41 \u00e7e\u015fit baharat\u0131n analizleri ve sonu\u00e7lar\u0131n\u0131 istediler, kendileri de test etmek istediler. \u00a0Manisa\u00a0\u00a0Celal Bayar \u00dcniversitesi\u00a0ve \u00a0Ege \u00dcniversitesi\u00a0bizim ihracata y\u00f6nelik \u00e7al\u0131\u015fmalar\u0131m\u0131za destek veriyor.\u201d dedi.<br \/>\nMesir Festivalinde \u00dcnl\u00fcler Ge\u00e7idi<br \/>\n477. Uluslararas\u0131 Manisa Mesir Macunu Festivali\u2019nin tan\u0131t\u0131m toplant\u0131s\u0131, Giritligil Otel\u2019de d\u00fczenlendi. Toplant\u0131ya Manisa Valisi Mustafa Hakan G\u00fcven\u00e7er, B\u00fcy\u00fck\u015fehir Belediyesi Ba\u015fkan Vekili Mehmet Palab\u0131y\u0131k, \u015eehzadeler Belediye Ba\u015fkan\u0131 \u00d6mer Faruk \u00c7elik,Manisa\u2019y\u0131 Mesir\u2019i Tan\u0131tma ve Turizm Derne\u011fi Ba\u015fkan\u0131 Ufuk Tan\u0131k ve \u00e7ok say\u0131da protokol \u00fcyesi kat\u0131ld\u0131.<br \/>\nTan\u0131t\u0131m toplant\u0131s\u0131nda festival program\u0131n\u0131 \u0130l K\u00fclt\u00fcr ve Turizm M\u00fcd\u00fcr\u00fc \u0130brahim Sudak a\u00e7\u0131klad\u0131.<br \/>\nMES\u0130R 43 NOKTADAN SA\u00c7ILACAK<br \/>\nK\u0131sa bir video g\u00f6sterimi ard\u0131ndan s\u00f6z\u00fc Manisa\u2019y\u0131 ve Mesir\u2019i Tan\u0131tma ve Turizm Derne\u011fi Ba\u015fkan\u0131 Ufuk Tan\u0131k Ald\u0131. Tan\u0131k, \u201cMesir Manisa\u2019n\u0131n bir bayram\u0131. Bu sene 477\u2019ncisini kutlayaca\u011f\u0131z. Ben \u00f6ncelikle Mesir\u2019in bu g\u00fcnlere gelmesinde eme\u011fi olan herkese derne\u011fim ad\u0131na \u015f\u00fckranlar\u0131m\u0131 sunuyorum. Bug\u00fcn de verilen desteklerin ne kadar b\u00fcy\u00fcd\u00fc\u011f\u00fcn\u00fc g\u00f6rmek beni ger\u00e7ekten \u00e7ok mutlu ediyor. Her y\u0131l b\u00fcy\u00fcyerek devam etti\u011fi i\u00e7in bu sene sa\u00e7\u0131m noktalar\u0131 artt\u0131r\u0131ld\u0131. Ge\u00e7ti\u011fimiz y\u0131l 37 noktadan yap\u0131lan sa\u00e7\u0131m, bu sene 16\u2019s\u0131 Sultan Camii kubbe ve minarelerinde, 27 tanesi de evlerde olmak \u00fczere toplam 43 noktaya \u00e7\u0131kar\u0131ld\u0131\u201d dedi.<br \/>\n\u201cMAN\u0130SA\u2019NIN ORTAK DE\u011eER\u0130\u201d<br \/>\n\u015eehzadeler Belediye Ba\u015fkan\u0131 \u00d6mer Faruk \u00c7elik ise yapt\u0131\u011f\u0131 konu\u015fmada, \u201cMesir, Manisa\u2019n\u0131n bir ortak de\u011feridir. \u015eehrimizin turizmine katk\u0131 sa\u011flayacak, \u015fehrimizin tan\u0131t\u0131m\u0131na katk\u0131 sa\u011flayacak bir de\u011ferimizdir. Bu y\u00fczden de \u015eehzadeler Belediyesi olarak kuruldu\u011fumuz g\u00fcnden beri festival etkinliklerine destek veriyoruz. Bu y\u0131l da Manisa Valili\u011fimiz, B\u00fcy\u00fck\u015fehir Belediyemiz ve Manisa\u2019y\u0131 Mesir\u2019i Tan\u0131tma ve Turizm Derne\u011fimiz ile birlikte bu b\u00fcy\u00fck festivalin organizasyonun i\u00e7erisinde biz de var\u0131z. Manisa a\u00e7\u0131s\u0131ndan b\u00f6ylesine \u00f6nemli olan bir de\u011fer i\u00e7in bir ve birlikte olmak \u00e7ok anlaml\u0131d\u0131r diye d\u00fc\u015f\u00fcn\u00fcyorum\u201d diye konu\u015ftu.<br \/>\n\u201cDOLU DOLU B\u0130R PROGRAM\u201d<br \/>\nManisa B\u00fcy\u00fck\u015fehir Belediye Ba\u015fkan\u0131 Cengiz Erg\u00fcn\u2019\u00fcn rahats\u0131zl\u0131\u011f\u0131 nedeniyle toplant\u0131ya kat\u0131lamad\u0131\u011f\u0131n\u0131 belirten Manisa B\u00fcy\u00fck\u015fehir Belediye Ba\u015fkanvekili Mehmet Palab\u0131y\u0131k ise, \u201cG\u00fczel bir program haz\u0131rlanm\u0131\u015f. Atalar\u0131m\u0131zdan gelen bu k\u00fclt\u00fcr miras\u0131n\u0131 d\u00fcnyaya en iyi \u015fekilde tan\u0131tmam\u0131z gerekti\u011fini d\u00fc\u015f\u00fcn\u00fcyorum. Uluslararas\u0131 nitelikte olan bu festivalimizde komitemiz \u00e7ok g\u00fczel, dolu dolu bir program ortaya \u00e7\u0131karm\u0131\u015f. Festivalin huzur i\u00e7erisinde, birlik ve beraberlik i\u00e7erisinde ge\u00e7mesini diliyorum. Program\u0131n haz\u0131rlanmas\u0131nda eme\u011fi ge\u00e7en t\u00fcm arkada\u015flara te\u015fekk\u00fcr ediyorum\u201d dedi.<br \/>\n\u201cGURUR DUYALIM\u201d<br \/>\nManisa Valisi Mustafa Hakan G\u00fcven\u00e7er de, \u201cElbette bir festivalin sadece 477 y\u0131ld\u0131r s\u00fcrd\u00fcr\u00fclm\u00fc\u015f olmas\u0131 bile tek ba\u015f\u0131na k\u0131ymetli. Ama hi\u00e7bir gelenek arkas\u0131nda temelli bir sebep olmaks\u0131z\u0131n onu besleyen bir kaynak olmaks\u0131z\u0131n bu kadar uzun y\u0131llar aksat\u0131lmadan s\u00fcrd\u00fcr\u00fclemez. \u00d6yle san\u0131yorum T\u00fcrkiye ve d\u00fcnyada 500\u2019\u00fcnc\u00fc y\u0131l\u0131na yakla\u015fm\u0131\u015f kadim bir gelenek say\u0131lsa belki 15\u2019i ancak bulur. Bu anlamda bizler bu gelece\u011fin sahibi, devam ettiricisi olarak tek ba\u015f\u0131na bile bu unsuruyla gurur duyabiliriz. Kurumlar\u0131m\u0131z\u0131n temsilcilerinin de \u00e7ok ciddi katk\u0131lar\u0131yla bu kadim gelene\u011fin ruhuna yak\u0131\u015f\u0131r, Manisa\u2019ya ve Manisal\u0131lara yak\u0131\u015f\u0131r bir etkinlik i\u00e7in arkada\u015flar\u0131m\u0131z \u00e7ok d\u00fczenli bir \u015fekilde \u00e7al\u0131\u015f\u0131yorlar. Bu festivali hepimiz ad\u0131na d\u00fczenleme gayreti i\u00e7erisinde olan t\u00fcm kurumlar\u0131m\u0131z\u0131, B\u00fcy\u00fck\u015fehir Belediye Ba\u015fkanl\u0131\u011f\u0131m\u0131za, \u015eehzadeler Belediye Ba\u015fkanl\u0131\u011f\u0131m\u0131za, Manisa\u2019y\u0131 Mesir\u2019i Tan\u0131tma ve Turizm Dernek Ba\u015fkanl\u0131\u011f\u0131m\u0131za, Valili\u011fimiz ad\u0131na komiteye ba\u015fkanl\u0131k yapan Vali Yard\u0131mc\u0131m\u0131z \u00dcnal \u00c7ak\u0131c\u0131\u2019ya, K\u00fclt\u00fcr Turizm M\u00fcd\u00fcrl\u00fc\u011f\u00fcm\u00fcze te\u015fekk\u00fcr ediyorum\u201d dedi.<br \/>\n\u0130\u015eTE MAN\u0130SA\u2019YA GELECEK SANAT\u00c7ILAR<br \/>\n25-30 Nisan tarihleri aras\u0131nda d\u00fczenlenecek olan 477\u2019nci Uluslararas\u0131 Manisa Mesir Macunu Festivali etkinlikleri kapsam\u0131nda, sergiler, fuar a\u00e7\u0131l\u0131\u015f\u0131, halk danslar\u0131, sokak sanat etkinlikleri, spor etkinlikleri ger\u00e7ekle\u015ftirilecek. Ayr\u0131ca festival kapsam\u0131nda 29 Nisan Cumartesi ak\u015fam\u0131 Ahmet Sel\u00e7uk \u0130lkan 40. Sanat Y\u0131l\u0131 An\u0131s\u0131na Uluslararas\u0131 Mesir Macunu Festival konseri \u00fcnl\u00fc sanat\u00e7\u0131lar Cengiz Kurto\u011flu, Co\u015fkun Sabah, Elif Kaya, Emre Altu\u011f, Muazzez Ersoy, \u0130ntizar, Tan, Tuna Veliba\u015fo\u011flu, \u00dcmit Besen, Ye\u015fil Salk\u0131m ve Zara Manisal\u0131larla bulu\u015facak.<\/p>\n<p>www.manisaturizmdernegi.com[:tr]Mesir Macunu Festivali<\/p>\n<p>&nbsp;<\/p>\n<p>&nbsp;<\/p>\n<p>UNESCO\u2019nun \u201cSomut Olmayan K\u00fclt\u00fcrel Miras\u201d listesinde yer alan ve bu y\u0131l 25-30 Nisan\u2019da 477\u2019ncisi ger\u00e7ekle\u015ftirilecek olan Uluslararas\u0131 \u00a0Manisa\u00a0Mesir Macunu Festivali\u2019nde sa\u00e7\u0131lacak mesir macununun haz\u0131rlanmas\u0131na ba\u015fland\u0131.<\/p>\n<p>Yavuz Sultan Selim\u2019in e\u015fi, \u00a0Kanuni Sultan S\u00fcleyman\u2018\u0131n annesi Ay\u015fe Hafsa Sultan hastaland\u0131\u011f\u0131nda d\u00f6nemin \u00fcnl\u00fc hekimi Merkez Efendi taraf\u0131ndan 41 \u00e7e\u015fit baharat\u0131n kar\u0131\u015f\u0131m\u0131yla haz\u0131rlanan mesir macunu, 477. kez halka sa\u00e7\u0131lmak \u00fczere haz\u0131rlan\u0131yor.<\/p>\n<p>Festivalde bu y\u0131l sa\u00e7\u0131lacak 5 ton mesir macunu, \u00a0Manisa\u2018y\u0131 Mesir\u2019i Tan\u0131tma ve Turizm Derne\u011finin imalathanesinde 15 kad\u0131n taraf\u0131ndan asl\u0131na uygun olarak yap\u0131l\u0131yor.<\/p>\n<p>Derne\u011fin Genel Sekreteri \u00d6zlem Erdem, AA muhabirine yapt\u0131\u011f\u0131 a\u00e7\u0131klamada, 477\u2019nci Uluslararas\u0131 \u00a0Manisa\u00a0Mesir Macunu Festivali\u2019nin \u00a021 Mart\u2018ta Nevruz kutlamalar\u0131 ve Sultan Camisi K\u00fclliyesi\u2019nde yer alan Bimarhane\u2019de temsili karma t\u00f6reniyle ba\u015flayaca\u011f\u0131n\u0131, \u00e7e\u015fitli etkinliklerin ard\u0131ndan 30 Nisan\u2019da Sultan Camisi\u2019nden 6 ton mesirin halka sa\u00e7\u0131lmas\u0131yla sona erece\u011fini s\u00f6yledi.<\/p>\n<p>\u201cErkek eli de\u011fmiyor\u201d<\/p>\n<p>Normalde 18-23 Nisan\u2019da ger\u00e7ekle\u015ftirilmesi planlanan festivalin anayasa de\u011fi\u015fikli\u011fi halk oylamas\u0131 nedeniyle 25-30 Nisan\u2019a al\u0131nd\u0131\u011f\u0131n\u0131 dile getiren Erdem, imalathanelerinde 15 kad\u0131n\u0131n \u00e7al\u0131\u015ft\u0131\u011f\u0131n\u0131 belirterek, \u015funlar\u0131 aktard\u0131:<\/p>\n<p>\u201cMesir macunumuz erkek eli de\u011fmeden 15 kad\u0131n i\u015f\u00e7inin eliyle tamamen asl\u0131na en uygun \u015fekilde \u00fcretiliyor. \u00dcretime kesinlikle erkek eli de\u011fmiyor, sadece pazarlama k\u0131sm\u0131nda erkek \u00e7al\u0131\u015fan\u0131m\u0131z bulunuyor. \u0130malathanemizde y\u0131l boyunca mesir macunu \u00fcretimimiz devam ediyor. Geleneklere en uygun \u015fekilde \u00fcretilmesine \u00e7ok dikkat ediyoruz. Mesir macunu \u00fcretiminde kesinlikle teknolojiyi kullanm\u0131yoruz, gelene\u011fe uygun olarak \u00fcretim yap\u0131yoruz. Normal \u015fartlarda 15 g\u00fcnde 6 ton mesir macunu \u00fcretimi yap\u0131labiliyor ancak normal \u00fcretime de devam edildi\u011finden dolay\u0131 sa\u00e7\u0131lacak mesiri karma \u00e7al\u0131\u015fmalar\u0131na \u015fimdiden ba\u015flad\u0131k.\u201d<\/p>\n<p>\u201cForm\u00fcl a\u00e7\u0131s\u0131ndan eleman de\u011fi\u015ftirmiyoruz\u201d<\/p>\n<p>Dernek imalathanesinde \u00e7al\u0131\u015fan personeli mecbur kalmad\u0131k\u00e7a de\u011fi\u015ftirmek istemediklerini belirten Erdem, 25 y\u0131l \u00e7al\u0131\u015f\u0131p emekli olduktan sonra \u00e7al\u0131\u015fan kad\u0131n personelin oldu\u011funa dikkati \u00e7ekerek, \u201cDerne\u011fimizden emekli olup hala b\u00fcnyemizde \u00e7al\u0131\u015fan kad\u0131n \u00e7al\u0131\u015fanlar\u0131m\u0131z var. Personelimizin her biri en az 10-15 y\u0131ld\u0131r yan\u0131m\u0131zda \u00e7al\u0131\u015f\u0131yor. Piyasada \u00fcretim yapan bir\u00e7ok firma var ancak asl\u0131na uygun olarak yapan sadece derne\u011fimiz var. Mesir macunu form\u00fcl\u00fc a\u00e7\u0131s\u0131ndan mecbur kalmad\u0131k\u00e7a eleman de\u011fi\u015ftirmiyoruz, de\u011fi\u015ftirmek istemiyoruz.\u201d \u015feklinde konu\u015ftu.<\/p>\n<p>Dubai\u2019ye de ihra\u00e7 edilecek<\/p>\n<p>Her derde deva oldu\u011funa inan\u0131lan mesir macununun sadece yurt i\u00e7inde de\u011fil yurt d\u0131\u015f\u0131nda da t\u00fcketildi\u011fini ifade eden Erdem, \u201d\u00a0Almanya\u00a0ve \u00a0Rusya\u2018ya ihracat\u0131m\u0131z devam ediyor. Ayr\u0131ca bu y\u0131l \u00a0Dubai\u2018den olduk\u00e7a fazla tonajl\u0131 mesir macunu talebi geldi, g\u00f6r\u00fc\u015fmelerimiz devam ediyor. Her \u00fclkenin prosed\u00fcr\u00fc farkl\u0131. \u00a0Dubai\u2018den, 41 \u00e7e\u015fit baharat\u0131n analizleri ve sonu\u00e7lar\u0131n\u0131 istediler, kendileri de test etmek istediler. \u00a0Manisa\u00a0\u00a0Celal Bayar \u00dcniversitesi\u00a0ve \u00a0Ege \u00dcniversitesi\u00a0bizim ihracata y\u00f6nelik \u00e7al\u0131\u015fmalar\u0131m\u0131za destek veriyor.\u201d dedi.<\/p>\n<p>&nbsp;<\/p>\n<p>Mesir Festivalinde \u00dcnl\u00fcler Ge\u00e7idi<\/p>\n<p><a href=\"https:\/\/ehl-i-lezzetiz.biz\/?attachment_id=6455\" rel=\"attachment wp-att-6455\"><img loading=\"lazy\" decoding=\"async\" class=\"aligncenter size-full wp-image-6455\" src=\"https:\/\/ehl-i-lezzetiz.biz\/WP\/wp-content\/uploads\/Mesir-macunu-Festivali-2.jpg\" alt=\"\" width=\"992\" height=\"567\" srcset=\"https:\/\/ehl-i-lezzetiz.biz\/wp-content\/uploads\/Mesir-macunu-Festivali-2.jpg 992w, https:\/\/ehl-i-lezzetiz.biz\/wp-content\/uploads\/Mesir-macunu-Festivali-2-300x171.jpg 300w, https:\/\/ehl-i-lezzetiz.biz\/wp-content\/uploads\/Mesir-macunu-Festivali-2-768x439.jpg 768w\" sizes=\"auto, (max-width: 992px) 100vw, 992px\" \/><\/a><\/p>\n<p>477. Uluslararas\u0131 Manisa Mesir Macunu Festivali\u2019nin tan\u0131t\u0131m toplant\u0131s\u0131, Giritligil Otel\u2019de d\u00fczenlendi. Toplant\u0131ya Manisa Valisi Mustafa Hakan G\u00fcven\u00e7er, B\u00fcy\u00fck\u015fehir Belediyesi Ba\u015fkan Vekili Mehmet Palab\u0131y\u0131k, \u015eehzadeler Belediye Ba\u015fkan\u0131 \u00d6mer Faruk \u00c7elik,Manisa\u2019y\u0131 Mesir\u2019i Tan\u0131tma ve Turizm Derne\u011fi Ba\u015fkan\u0131 Ufuk Tan\u0131k ve \u00e7ok say\u0131da protokol \u00fcyesi kat\u0131ld\u0131.<br \/>\nTan\u0131t\u0131m toplant\u0131s\u0131nda festival program\u0131n\u0131 \u0130l K\u00fclt\u00fcr ve Turizm M\u00fcd\u00fcr\u00fc \u0130brahim Sudak a\u00e7\u0131klad\u0131.<br \/>\nMES\u0130R 43 NOKTADAN SA\u00c7ILACAK<br \/>\nK\u0131sa bir video g\u00f6sterimi ard\u0131ndan s\u00f6z\u00fc Manisa\u2019y\u0131 ve Mesir\u2019i Tan\u0131tma ve Turizm Derne\u011fi Ba\u015fkan\u0131 Ufuk Tan\u0131k Ald\u0131. Tan\u0131k, \u201cMesir Manisa\u2019n\u0131n bir bayram\u0131. Bu sene 477\u2019ncisini kutlayaca\u011f\u0131z. Ben \u00f6ncelikle Mesir\u2019in bu g\u00fcnlere gelmesinde eme\u011fi olan herkese derne\u011fim ad\u0131na \u015f\u00fckranlar\u0131m\u0131 sunuyorum. Bug\u00fcn de verilen desteklerin ne kadar b\u00fcy\u00fcd\u00fc\u011f\u00fcn\u00fc g\u00f6rmek beni ger\u00e7ekten \u00e7ok mutlu ediyor. Her y\u0131l b\u00fcy\u00fcyerek devam etti\u011fi i\u00e7in bu sene sa\u00e7\u0131m noktalar\u0131 artt\u0131r\u0131ld\u0131. Ge\u00e7ti\u011fimiz y\u0131l 37 noktadan yap\u0131lan sa\u00e7\u0131m, bu sene 16\u2019s\u0131 Sultan Camii kubbe ve minarelerinde, 27 tanesi de evlerde olmak \u00fczere toplam 43 noktaya \u00e7\u0131kar\u0131ld\u0131\u201d dedi.<br \/>\n\u201cMAN\u0130SA\u2019NIN ORTAK DE\u011eER\u0130\u201d<br \/>\n\u015eehzadeler Belediye Ba\u015fkan\u0131 \u00d6mer Faruk \u00c7elik ise yapt\u0131\u011f\u0131 konu\u015fmada, \u201cMesir, Manisa\u2019n\u0131n bir ortak de\u011feridir. \u015eehrimizin turizmine katk\u0131 sa\u011flayacak, \u015fehrimizin tan\u0131t\u0131m\u0131na katk\u0131 sa\u011flayacak bir de\u011ferimizdir. Bu y\u00fczden de \u015eehzadeler Belediyesi olarak kuruldu\u011fumuz g\u00fcnden beri festival etkinliklerine destek veriyoruz. Bu y\u0131l da Manisa Valili\u011fimiz, B\u00fcy\u00fck\u015fehir Belediyemiz ve Manisa\u2019y\u0131 Mesir\u2019i Tan\u0131tma ve Turizm Derne\u011fimiz ile birlikte bu b\u00fcy\u00fck festivalin organizasyonun i\u00e7erisinde biz de var\u0131z. Manisa a\u00e7\u0131s\u0131ndan b\u00f6ylesine \u00f6nemli olan bir de\u011fer i\u00e7in bir ve birlikte olmak \u00e7ok anlaml\u0131d\u0131r diye d\u00fc\u015f\u00fcn\u00fcyorum\u201d diye konu\u015ftu.<br \/>\n\u201cDOLU DOLU B\u0130R PROGRAM\u201d<br \/>\nManisa B\u00fcy\u00fck\u015fehir Belediye Ba\u015fkan\u0131 Cengiz Erg\u00fcn\u2019\u00fcn rahats\u0131zl\u0131\u011f\u0131 nedeniyle toplant\u0131ya kat\u0131lamad\u0131\u011f\u0131n\u0131 belirten Manisa B\u00fcy\u00fck\u015fehir Belediye Ba\u015fkanvekili Mehmet Palab\u0131y\u0131k ise, \u201cG\u00fczel bir program haz\u0131rlanm\u0131\u015f. Atalar\u0131m\u0131zdan gelen bu k\u00fclt\u00fcr miras\u0131n\u0131 d\u00fcnyaya en iyi \u015fekilde tan\u0131tmam\u0131z gerekti\u011fini d\u00fc\u015f\u00fcn\u00fcyorum. Uluslararas\u0131 nitelikte olan bu festivalimizde komitemiz \u00e7ok g\u00fczel, dolu dolu bir program ortaya \u00e7\u0131karm\u0131\u015f. Festivalin huzur i\u00e7erisinde, birlik ve beraberlik i\u00e7erisinde ge\u00e7mesini diliyorum. Program\u0131n haz\u0131rlanmas\u0131nda eme\u011fi ge\u00e7en t\u00fcm arkada\u015flara te\u015fekk\u00fcr ediyorum\u201d dedi.<br \/>\n\u201cGURUR DUYALIM\u201d<br \/>\nManisa Valisi Mustafa Hakan G\u00fcven\u00e7er de, \u201cElbette bir festivalin sadece 477 y\u0131ld\u0131r s\u00fcrd\u00fcr\u00fclm\u00fc\u015f olmas\u0131 bile tek ba\u015f\u0131na k\u0131ymetli. Ama hi\u00e7bir gelenek arkas\u0131nda temelli bir sebep olmaks\u0131z\u0131n onu besleyen bir kaynak olmaks\u0131z\u0131n bu kadar uzun y\u0131llar aksat\u0131lmadan s\u00fcrd\u00fcr\u00fclemez. \u00d6yle san\u0131yorum T\u00fcrkiye ve d\u00fcnyada 500\u2019\u00fcnc\u00fc y\u0131l\u0131na yakla\u015fm\u0131\u015f kadim bir gelenek say\u0131lsa belki 15\u2019i ancak bulur. Bu anlamda bizler bu gelece\u011fin sahibi, devam ettiricisi olarak tek ba\u015f\u0131na bile bu unsuruyla gurur duyabiliriz. Kurumlar\u0131m\u0131z\u0131n temsilcilerinin de \u00e7ok ciddi katk\u0131lar\u0131yla bu kadim gelene\u011fin ruhuna yak\u0131\u015f\u0131r, Manisa\u2019ya ve Manisal\u0131lara yak\u0131\u015f\u0131r bir etkinlik i\u00e7in arkada\u015flar\u0131m\u0131z \u00e7ok d\u00fczenli bir \u015fekilde \u00e7al\u0131\u015f\u0131yorlar. Bu festivali hepimiz ad\u0131na d\u00fczenleme gayreti i\u00e7erisinde olan t\u00fcm kurumlar\u0131m\u0131z\u0131, B\u00fcy\u00fck\u015fehir Belediye Ba\u015fkanl\u0131\u011f\u0131m\u0131za, \u015eehzadeler Belediye Ba\u015fkanl\u0131\u011f\u0131m\u0131za, Manisa\u2019y\u0131 Mesir\u2019i Tan\u0131tma ve Turizm Dernek Ba\u015fkanl\u0131\u011f\u0131m\u0131za, Valili\u011fimiz ad\u0131na komiteye ba\u015fkanl\u0131k yapan Vali Yard\u0131mc\u0131m\u0131z \u00dcnal \u00c7ak\u0131c\u0131\u2019ya, K\u00fclt\u00fcr Turizm M\u00fcd\u00fcrl\u00fc\u011f\u00fcm\u00fcze te\u015fekk\u00fcr ediyorum\u201d dedi.<br \/>\n\u0130\u015eTE MAN\u0130SA\u2019YA GELECEK SANAT\u00c7ILAR<br \/>\n25-30 Nisan tarihleri aras\u0131nda d\u00fczenlenecek olan 477\u2019nci Uluslararas\u0131 Manisa Mesir Macunu Festivali etkinlikleri kapsam\u0131nda, sergiler, fuar a\u00e7\u0131l\u0131\u015f\u0131, halk danslar\u0131, sokak sanat etkinlikleri, spor etkinlikleri ger\u00e7ekle\u015ftirilecek. Ayr\u0131ca festival kapsam\u0131nda 29 Nisan Cumartesi ak\u015fam\u0131 Ahmet Sel\u00e7uk \u0130lkan 40. Sanat Y\u0131l\u0131 An\u0131s\u0131na Uluslararas\u0131 Mesir Macunu Festival konseri \u00fcnl\u00fc sanat\u00e7\u0131lar Cengiz Kurto\u011flu, Co\u015fkun Sabah, Elif Kaya, Emre Altu\u011f, Muazzez Ersoy, \u0130ntizar, Tan, Tuna Veliba\u015fo\u011flu, \u00dcmit Besen, Ye\u015fil Salk\u0131m ve Zara Manisal\u0131larla bulu\u015facak.<\/p>\n<p><a href=\"https:\/\/ehl-i-lezzetiz.biz\/?attachment_id=6454\" rel=\"attachment wp-att-6454\"><img loading=\"lazy\" decoding=\"async\" class=\"aligncenter size-large wp-image-6454\" src=\"https:\/\/ehl-i-lezzetiz.biz\/WP\/wp-content\/uploads\/Mesir-macunu--1024x768.jpg\" alt=\"\" width=\"1024\" height=\"768\" \/><\/a><\/p>\n<p>&nbsp;<\/p>\n<p><a href=\"https:\/\/ehl-i-lezzetiz.biz\/?attachment_id=6456\" rel=\"attachment wp-att-6456\"><img loading=\"lazy\" decoding=\"async\" class=\"aligncenter size-full wp-image-6456\" src=\"https:\/\/ehl-i-lezzetiz.biz\/WP\/wp-content\/uploads\/Mesir-macunu-Festivali-3.jpg\" alt=\"\" width=\"992\" height=\"567\" srcset=\"https:\/\/ehl-i-lezzetiz.biz\/wp-content\/uploads\/Mesir-macunu-Festivali-3.jpg 992w, https:\/\/ehl-i-lezzetiz.biz\/wp-content\/uploads\/Mesir-macunu-Festivali-3-300x171.jpg 300w, https:\/\/ehl-i-lezzetiz.biz\/wp-content\/uploads\/Mesir-macunu-Festivali-3-768x439.jpg 768w\" sizes=\"auto, (max-width: 992px) 100vw, 992px\" \/><\/a><\/p>\n<p>&nbsp;<\/p>\n<p>&nbsp;<\/p>\n<p>&nbsp;[:]<\/p>","excerpt":"<p>[:de]Mesir Macunu Festivali<\/p>\n<p>UNESCO\u2019nun \u201cSomut Olmayan K\u00fclt\u00fcrel Miras\u201d listesinde yer alan ve bu y\u0131l 25-30 Nisan\u2019da 477\u2019ncisi ger\u00e7ekle\u015ftirilecek olan Uluslararas\u0131  Manisa Mesir Macunu Festivali\u2019nde sa\u00e7\u0131lacak mesir macununun haz\u0131rlanmas\u0131na ba\u015fland\u0131.[:tr]Mesir Macunu Festivali<\/p>\n<p>UNESCO\u2019nun \u201cSomut Olmayan K\u00fclt\u00fcrel Miras\u201d listesinde yer alan ve bu y\u0131l 25-30 Nisan\u2019da 477\u2019ncisi ger\u00e7ekle\u015ftirilecek olan Uluslararas\u0131  Manisa Mesir Macunu Festivali\u2019nde sa\u00e7\u0131lacak mesir macununun haz\u0131rlanmas\u0131na ba\u015fland\u0131.[:]<\/p>","slug":"mesir-macunu-festivali","image":{"url":"https:\/\/ehl-i-lezzetiz.biz\/wp-content\/uploads\/Mesir-macunu-Festivali.jpg","id":6457,"extension":"jpg","width":1199,"height":497,"sizes":{"thumbnail":{"width":170,"height":120,"mime-type":"image\/jpeg","url":"https:\/\/ehl-i-lezzetiz.biz\/wp-content\/uploads\/Mesir-macunu-Festivali-170x120.jpg"},"medium":{"width":300,"height":124,"mime-type":"image\/jpeg","url":"https:\/\/ehl-i-lezzetiz.biz\/wp-content\/uploads\/Mesir-macunu-Festivali-300x124.jpg"},"medium_large":{"width":768,"height":318,"mime-type":"image\/jpeg","url":"https:\/\/ehl-i-lezzetiz.biz\/wp-content\/uploads\/Mesir-macunu-Festivali-768x318.jpg"},"large":{"width":1024,"height":424,"mime-type":"image\/jpeg","url":"https:\/\/ehl-i-lezzetiz.biz\/wp-content\/uploads\/Mesir-macunu-Festivali-1024x424.jpg"},"widget_more_posts_thumb":{"width":750,"height":497,"mime-type":"image\/jpeg","url":"https:\/\/ehl-i-lezzetiz.biz\/wp-content\/uploads\/Mesir-macunu-Festivali-750x497.jpg"},"small_square_thumb":{"width":130,"height":130,"mime-type":"image\/jpeg","url":"https:\/\/ehl-i-lezzetiz.biz\/wp-content\/uploads\/Mesir-macunu-Festivali-130x130.jpg"}}},"all_day":true,"start_date":"2017-04-25 00:00:00","start_date_details":{"year":"2017","month":"04","day":"25","hour":"00","minutes":"00","seconds":"00"},"end_date":"2017-04-30 23:59:59","end_date_details":{"year":"2017","month":"04","day":"30","hour":"23","minutes":"59","seconds":"59"},"utc_start_date":"2017-04-24 22:00:00","utc_start_date_details":{"year":"2017","month":"04","day":"24","hour":"22","minutes":"00","seconds":"00"},"utc_end_date":"2017-04-30 21:59:59","utc_end_date_details":{"year":"2017","month":"04","day":"30","hour":"21","minutes":"59","seconds":"59"},"timezone":"UTC+1","timezone_abbr":"","cost":"","cost_details":{"currency_symbol":"","currency_code":"","currency_position":"prefix","values":[]},"website":"www.manisaturizmdernegi.com","show_map":true,"show_map_link":true,"hide_from_listings":false,"sticky":true,"featured":false,"categories":[{"name":"Festivals","slug":"festival","term_group":0,"term_taxonomy_id":616,"taxonomy":"tribe_events_cat","description":"","parent":0,"count":6,"filter":"raw","id":611,"urls":{"self":"https:\/\/ehl-i-lezzetiz.biz\/index.php?rest_route=\/tribe\/events\/v1\/categories\/611","collection":"https:\/\/ehl-i-lezzetiz.biz\/index.php?rest_route=\/tribe\/events\/v1\/categories"}}],"tags":[{"name":"Manisa","slug":"manisa","term_group":0,"term_taxonomy_id":618,"taxonomy":"post_tag","description":"","parent":0,"count":1,"filter":"raw","id":613,"urls":{"self":"https:\/\/ehl-i-lezzetiz.biz\/index.php?rest_route=\/tribe\/events\/v1\/tags\/613","collection":"https:\/\/ehl-i-lezzetiz.biz\/index.php?rest_route=\/tribe\/events\/v1\/tags"}},{"name":"Mesir Macunu Festivali","slug":"mesir-macunu-festivali","term_group":0,"term_taxonomy_id":617,"taxonomy":"post_tag","description":"","parent":0,"count":1,"filter":"raw","id":612,"urls":{"self":"https:\/\/ehl-i-lezzetiz.biz\/index.php?rest_route=\/tribe\/events\/v1\/tags\/612","collection":"https:\/\/ehl-i-lezzetiz.biz\/index.php?rest_route=\/tribe\/events\/v1\/tags"}}],"venue":{"id":6462,"author":"8","status":"publish","date":"2017-04-24 19:20:09","date_utc":"2017-04-24 18:20:09","modified":"2017-04-24 19:20:09","modified_utc":"2017-04-24 18:20:09","url":"https:\/\/ehl-i-lezzetiz.biz\/?tribe_venue=manisa","venue":"Manisa","slug":"manisa","city":"Manisa","country":"T\u00fcrkei","json_ld":{"@type":"Place","name":"Manisa","description":"","url":"","address":{"@type":"PostalAddress","addressLocality":"Manisa","addressCountry":"T\u00fcrkei"},"telephone":"","sameAs":""},"show_map":true,"show_map_link":true,"global_id":"ehl-i-lezzetiz.biz?id=6462","global_id_lineage":["ehl-i-lezzetiz.biz?id=6462"]},"organizer":[],"custom_fields":[],"json_ld":{"@context":"http:\/\/schema.org","@type":"Event","name":"Mesir Macunu Festivali","description":"&lt;p&gt;Mesir Macunu Festivali&lt;\/p&gt;\\n&lt;p&gt;UNESCO\u2019nun \u201cSomut Olmayan K\u00fclt\u00fcrel Miras\u201d listesinde yer alan ve bu y\u0131l 25-30 Nisan\u2019da 477\u2019ncisi ger\u00e7ekle\u015ftirilecek olan Uluslararas\u0131  Manisa Mesir Macunu Festivali\u2019nde sa\u00e7\u0131lacak mesir macununun haz\u0131rlanmas\u0131na ba\u015fland\u0131.Mesir Macunu Festivali&lt;\/p&gt;\\n&lt;p&gt;UNESCO\u2019nun \u201cSomut Olmayan K\u00fclt\u00fcrel Miras\u201d listesinde yer alan ve bu y\u0131l 25-30 Nisan\u2019da 477\u2019ncisi ger\u00e7ekle\u015ftirilecek olan Uluslararas\u0131  Manisa Mesir Macunu Festivali\u2019nde sa\u00e7\u0131lacak mesir macununun haz\u0131rlanmas\u0131na ba\u015fland\u0131.&lt;\/p&gt;\\n","image":"https:\/\/ehl-i-lezzetiz.biz\/wp-content\/uploads\/Mesir-macunu-Festivali.jpg","url":"https:\/\/ehl-i-lezzetiz.biz\/?tribe_events=mesir-macunu-festivali","eventAttendanceMode":"https:\/\/schema.org\/OfflineEventAttendanceMode","eventStatus":"https:\/\/schema.org\/EventScheduled","startDate":"2017-04-25T00:00:00+01:00","endDate":"2017-04-30T23:59:59+01:00","location":{"@type":"Place","name":"Manisa","description":"","url":"","address":{"@type":"PostalAddress","addressLocality":"Manisa","addressCountry":"T\u00fcrkei"},"telephone":"","sameAs":""},"performer":"Organization"}}