{"id":10914,"date":"2016-01-01T21:36:04","date_gmt":"2016-01-01T20:36:04","guid":{"rendered":"https:\/\/ehl-i-lezzetiz.biz\/?p=10914"},"modified":"2022-10-24T16:22:14","modified_gmt":"2022-10-24T15:22:14","slug":"erhan-arda","status":"publish","type":"post","link":"https:\/\/ehl-i-lezzetiz.biz\/?p=10914&lang=de","title":{"rendered":"Erhan Arda"},"content":{"rendered":"<p>[et_pb_section fb_built=&#8221;1&#8243; admin_label=&#8221;section&#8221; _builder_version=&#8221;4.16&#8243; background_color=&#8221;#160b00&#8243; global_colors_info=&#8221;{}&#8221;][et_pb_row admin_label=&#8221;Zeile&#8221; _builder_version=&#8221;4.16&#8243; background_size=&#8221;initial&#8221; background_position=&#8221;top_left&#8221; background_repeat=&#8221;repeat&#8221; custom_margin=&#8221;17px|auto||auto||&#8221; global_colors_info=&#8221;{}&#8221;][et_pb_column type=&#8221;4_4&#8243; _builder_version=&#8221;4.16&#8243; custom_padding=&#8221;|||&#8221; global_colors_info=&#8221;{}&#8221; custom_padding__hover=&#8221;|||&#8221;][et_pb_text admin_label=&#8221;Text&#8221; _builder_version=&#8221;4.18.0&#8243; text_font=&#8221;||||||||&#8221; text_text_color=&#8221;#ffcf9a&#8221; background_size=&#8221;initial&#8221; background_position=&#8221;top_left&#8221; background_repeat=&#8221;repeat&#8221; global_colors_info=&#8221;{}&#8221;]<\/p>\n<p>WER BIN ICH?<\/p>\n<p>Erhan Arda wuchs in Bak\u0131rk\u00f6y, Istanbul auf Pilot Cengiz Topel Grundschule Sekundarschule und Gymnasium Bak\u0131rk\u00f6y Gymnasium In den Jahren, in denen ich lebte, hatte Bak\u0131rk\u00f6y eine Bev\u00f6lkerung von 2,5 Millionen. Ich liebe die Menschenmassen, Freundschaften und das Stadtleben. Ich lebe seit 1987 in der Schweiz und arbeite als Produktdesignerin in einer Schweizer Keksfirma.<\/p>\n<p>&nbsp;<\/p>\n<p>WAS SIND MEINE HOBBYS?<\/p>\n<p>Ich habe lange Zeit als Team 2 Schweizer Vizemeister und 3. Schweizer Billard gespielt. Ich habe ein lug\u00fcm, ich sammle Schokolade, Kuchen und Kochb\u00fccher Ich sammle alte antike B\u00fccher sowie die Produkte von neu ver\u00f6ffentlichten ber\u00fchmten Autoren T\u00fcrkisch.e Deutsch in ein paar Franz\u00f6sisch unter ihnen einer der wertvollsten f\u00fcr mich ist Melce\u00fc&#8217;t tabbahin Ein osmanisches Lebensmittelbuch, das 1844 f\u00fcr den Vertrieb in England gedruckt wurde. Fotografieren und Verwalten und Verbessern der Ehli-ilezzetiz.biz Seite.<\/p>\n<p>&nbsp;<\/p>\n<p>WELCHE TALENTE UND F\u00c4HIGKEITEN MACHEN MICH ZU DEM, DER ICH BIN?<\/p>\n<p>Die Themen, die mich interessieren, lerne ich in k\u00fcrzester Zeit kennen. Ich habe T\u00fcrkisch, Deutsch und Italienisch gelernt, mit meinen eigenen Mitteln, und ich bin sehr erfolgreich in Ihren beiden Gro\u00dfv\u00e4tern. Ich habe genug Englisch und Franz\u00f6sisch, um mich in ein wenig einfachen Themen zu erkl\u00e4ren.<\/p>\n<p>Ich lege gro\u00dfen Wert darauf, meine Arbeit sauber und sch\u00f6n zu gestalten. Ich lege gro\u00dfen Wert darauf, die Arbeit, die ich begonnen habe, zu beenden. Meine Werbeagentur, die ich aus eigener Kraft aufgebaut und jahrelang gearbeitet habe, ist ein Beispiel daf\u00fcr. Auf diese Weise habe ich neue Kenntnisse in vielen Branchen und habe meinen Horizont erweitert (z.B. Grafikdesign, Tampondruck, Textildruck, Vitrinen- und Autoartikel-Digitaldruck) Ich habe fortgeschrittene Kenntnisse der Photoshop-, Illustrator- und Flash-Programme von Adobe sowie des WordPress-Programms f\u00fcr die Blog-Programmierung)<\/p>\n<p>Ich liebe es, zu fotografieren, digitale Designs zu erstellen und Innovationen zu entdecken.<\/p>\n<p>&nbsp;<\/p>\n<p>WAS SIND MEINE SCHW\u00c4CHEN UND ST\u00c4RKEN?<\/p>\n<p>Was ich tue, ist, Dinge sch\u00f6n zu machen. Ich beende die Arbeit, die ich begonnen habe. Ich liebe konstruktive Gespr\u00e4che und Gespr\u00e4che zu einem Thema, ich hasse unn\u00f6tige Diskussionen, ich kann immer wieder auf mein Recht verzichten, Streit zu vermeiden, aber wenn es jemand geschafft hat, mich zu \u00e4rgern, kann ich es f\u00fcr eine sehr lange Zeit nicht vergessen.<\/p>\n<p>&nbsp;<\/p>\n<p>MEINE ZIELE UND TR\u00c4UME?<\/p>\n<p>Mein Wissen zu verbessern und jeden Tag etwas Neues zu lernen, damit ich meinen Horizont immer kreativer \u00f6ffnen kann. Um neue Orte sehen und neue Geschm\u00e4cker entdecken zu k\u00f6nnen. Neue Kombinationen kreieren, indem ich mir neue Geschmacksrichtungen in meinem Kopf vorstelle. Es ist mein Ziel, einen Geschmacksatlas erstellen zu k\u00f6nnen, den ich mit Hilfe meiner Reisen und Forschungen mit meinen Freunden und Followern teilen kann.<\/p>\n<p>Mein Traum f\u00fcr Ehl-i Lezzet ist es, viele Schriftsteller zu versammeln, die gerne essen und trinken wie ich im K\u00f6rper von ehli Lezzet.<\/p>\n<p>&nbsp;<\/p>\n<p>WORAUF LEGE ICH WERT UND WAS IST MIR WICHTIG?<\/p>\n<p>Ich trinke keinen Alkohol, ich rauche nicht, sondern esse zwischendurch gerne ein gutes Essen. Meine Familie ist ein Freund und meine Freunde sind sehr wertvoll f\u00fcr mich. Ich genie\u00dfe es, mehrmals im Jahr Ausfl\u00fcge und Stadtrundfahrten mit meiner Familie zu organisieren.<\/p>\n<p>&nbsp;<\/p>\n<p>WAS SIND MEINE LEBENSERFAHRUNGEN, DIE MICH ANTREIBEN?<\/p>\n<p>Meine eigene Werbeagentur, die ich gr\u00fcndete und leitete, war mein gr\u00f6\u00dfter Assistent bei der Entwicklung meiner F\u00e4higkeit, Menschen zu kontaktieren und meiner Vorstellung von Kunde und Lieferant. Mein Wechsel in die F&amp;E-Abteilung vor 11 Jahren hat mir geholfen, meinen Horizont zu \u00f6ffnen.<\/p>\n<p>&nbsp;<\/p>\n<p>ZUERST ALLES \u00dcBER AHL AL-TAT:<\/p>\n<p>Ich dachte lange \u00fcber den Namen nach, entwarf und recherchierte in meinem Kopf diejenigen, die mir gefallen k\u00f6nnten. Bei allen Namen, nach denen ich suchte, handelten andere schneller als ich. Sie sagen, dass der Schneider seine eigene Demontage \u00fcber das Logo nicht n\u00e4hen kann oder meine war ein bisschen so, dass ich nicht 100 in 100 mutu \u00fcber das Logo bin, vielleicht kann ich kleine \u00c4nderungen im Laufe der Zeit machen.<\/p>\n<p>Da ich wusste, dass St\u00e4rke aus der Einheit entstehen w\u00fcrde und ich vermutete, dass sich viele Leute f\u00fcr das gleiche Thema interessierten, programmierte ich die Seite so, dass die Artikel verschiedener Autoren ver\u00f6ffentlicht werden konnten, so dass ich mit der Zeit einen People-i-flavor we Club schaffen w\u00fcrde.<\/p>\n<p>Obwohl die Arbeit in zwei Sprachen den Aufwand \u00fcbertrieben erh\u00f6hte, war es f\u00fcr mich sehr wichtig, dass die Geschm\u00e4cker verschiedene Menschen zusammenbringen k\u00f6nnen, und mein Ziel in Zukunft ist es, in mehr Sprachen zu programmieren. Vielleicht dank der Fremdsprachenkenntnisse der neuen Autoren, die zu uns sto\u00dfen werden, kann dies noch schneller geschehen. Wer wei\u00df.<\/p>\n<p>Ich halte es f\u00fcr eine Pflicht, meinen Freunden, die die T\u00fcrkei nicht kennen, die t\u00fcrkische K\u00fcche nicht nur aus D\u00f6ner-Kebab vorzustellen, sondern auch, dass die t\u00fcrkische K\u00fcche eine der wenigen K\u00fcchen der Welt ist.<\/p>\n<p>Ich betrachte mich nicht als Restaurantkritiker, ich glaube, dass gutes Essen \u00fcberall gegessen werden kann. Aber die speziellsten Geschm\u00e4cker der St\u00e4dte der St\u00e4dte zu finden, genie\u00dfe ich edel, sie zu probieren und mit meinen Freunden zu teilen und einen Geschmacksatlas zu erstellen. Panzeretto von Luini in Mailand, Mandat Mozzarella in Neapel, Hac\u0131 Bekirden T\u00fcrkische Freude in Istanbul, Baklava in G\u00fcll\u00fco\u011flu Karak\u00f6y, Essen Wasser b\u00f6re\u011fi im Palast und Hunderte von anderen, dass ich nicht alle von ihnen z\u00e4hlen kann.<\/p>\n<p>&nbsp;<\/p>\n<p>&nbsp;<\/p>\n<p>[\/et_pb_text][\/et_pb_column][\/et_pb_row][\/et_pb_section]<\/p>\n","protected":false},"excerpt":{"rendered":"<p>WER BIN ICH?<br \/>\nErhan Arda wuchs in Bak\u0131rk\u00f6y, Istanbul auf Pilot Cengiz Topel Grundschule Sekundarschule und Gymnasium Bak\u0131rk\u00f6y Gymnasium In den Jahren, in denen ich lebte, hatte Bak\u0131rk\u00f6y eine Bev\u00f6lkerung von 2,5 Millionen. <\/p>\n","protected":false},"author":8,"featured_media":10742,"comment_status":"open","ping_status":"closed","sticky":false,"template":"","format":"standard","meta":{"_et_pb_use_builder":"on","_et_pb_old_content":"","_et_gb_content_width":"","footnotes":""},"categories":[780,785,781],"tags":[782,783,784],"class_list":["post-10914","post","type-post","status-publish","format-standard","has-post-thumbnail","hentry","category-feinschmecker","category-uber-mich-de","category-unsere-feinschmecker-blogger-de","tag-erhan-arda-de","tag-uber-mich-de","tag-wir-sind-feinschmecker-de"],"_links":{"self":[{"href":"https:\/\/ehl-i-lezzetiz.biz\/index.php?rest_route=\/wp\/v2\/posts\/10914","targetHints":{"allow":["GET"]}}],"collection":[{"href":"https:\/\/ehl-i-lezzetiz.biz\/index.php?rest_route=\/wp\/v2\/posts"}],"about":[{"href":"https:\/\/ehl-i-lezzetiz.biz\/index.php?rest_route=\/wp\/v2\/types\/post"}],"author":[{"embeddable":true,"href":"https:\/\/ehl-i-lezzetiz.biz\/index.php?rest_route=\/wp\/v2\/users\/8"}],"replies":[{"embeddable":true,"href":"https:\/\/ehl-i-lezzetiz.biz\/index.php?rest_route=%2Fwp%2Fv2%2Fcomments&post=10914"}],"version-history":[{"count":5,"href":"https:\/\/ehl-i-lezzetiz.biz\/index.php?rest_route=\/wp\/v2\/posts\/10914\/revisions"}],"predecessor-version":[{"id":21975,"href":"https:\/\/ehl-i-lezzetiz.biz\/index.php?rest_route=\/wp\/v2\/posts\/10914\/revisions\/21975"}],"wp:featuredmedia":[{"embeddable":true,"href":"https:\/\/ehl-i-lezzetiz.biz\/index.php?rest_route=\/wp\/v2\/media\/10742"}],"wp:attachment":[{"href":"https:\/\/ehl-i-lezzetiz.biz\/index.php?rest_route=%2Fwp%2Fv2%2Fmedia&parent=10914"}],"wp:term":[{"taxonomy":"category","embeddable":true,"href":"https:\/\/ehl-i-lezzetiz.biz\/index.php?rest_route=%2Fwp%2Fv2%2Fcategories&post=10914"},{"taxonomy":"post_tag","embeddable":true,"href":"https:\/\/ehl-i-lezzetiz.biz\/index.php?rest_route=%2Fwp%2Fv2%2Ftags&post=10914"}],"curies":[{"name":"wp","href":"https:\/\/api.w.org\/{rel}","templated":true}]}}