{"id":1620,"date":"2013-02-01T20:00:33","date_gmt":"2013-02-01T19:00:33","guid":{"rendered":"http:\/\/www.ehl-i-lezzetiz.biz\/?p=1620"},"modified":"2022-11-01T16:05:13","modified_gmt":"2022-11-01T15:05:13","slug":"gasthof-loven","status":"publish","type":"post","link":"https:\/\/ehl-i-lezzetiz.biz\/?p=1620","title":{"rendered":"Gasthof L\u00f6wen"},"content":{"rendered":"<div class=\"et_pb_slider et_pb_slider_fullwidth_off et_pb_gallery_post_type\">\n\t\t\t\t<div class=\"et_pb_slides\">\n\t\t\t\t\t<div class=\"et_pb_slide\" style=\"background: url(https:\/\/ehl-i-lezzetiz.biz\/wp-content\/uploads\/Gasthof-L\u00f6ven-R\u00fctschelen-071.jpg);\"><\/div><div class=\"et_pb_slide\" style=\"background: url(https:\/\/ehl-i-lezzetiz.biz\/wp-content\/uploads\/Gasthof-L\u00f6ven-R\u00fctschelen-39.jpg);\"><\/div><div class=\"et_pb_slide\" style=\"background: url(https:\/\/ehl-i-lezzetiz.biz\/wp-content\/uploads\/Gasthof-L\u00f6ven-R\u00fctschelen-40.jpg);\"><\/div><div class=\"et_pb_slide\" style=\"background: url(https:\/\/ehl-i-lezzetiz.biz\/wp-content\/uploads\/Gasthof-L\u00f6ven-R\u00fctschelen-55.jpg);\"><\/div><div class=\"et_pb_slide\" style=\"background: url(https:\/\/ehl-i-lezzetiz.biz\/wp-content\/uploads\/Gasthof-L\u00f6ven-R\u00fctschelen-15.jpg);\"><\/div><div class=\"et_pb_slide\" style=\"background: url(https:\/\/ehl-i-lezzetiz.biz\/wp-content\/uploads\/Gasthof-L\u00f6ven-R\u00fctschelen-031.jpg);\"><\/div><div class=\"et_pb_slide\" style=\"background: url(https:\/\/ehl-i-lezzetiz.biz\/wp-content\/uploads\/Gasthof-L\u00f6ven-R\u00fctschelen-111.jpg);\"><\/div><div class=\"et_pb_slide\" style=\"background: url(https:\/\/ehl-i-lezzetiz.biz\/wp-content\/uploads\/Gasthof-L\u00f6ven-R\u00fctschelen-48.jpg);\"><\/div><div class=\"et_pb_slide\" style=\"background: url(https:\/\/ehl-i-lezzetiz.biz\/wp-content\/uploads\/Gasthof-L\u00f6ven-R\u00fctschelen-34.jpg);\"><\/div><div class=\"et_pb_slide\" style=\"background: url(https:\/\/ehl-i-lezzetiz.biz\/wp-content\/uploads\/Gasthof-L\u00f6ven-R\u00fctschelen-491.jpg);\"><\/div><div class=\"et_pb_slide\" style=\"background: url(https:\/\/ehl-i-lezzetiz.biz\/wp-content\/uploads\/Gasthof-L\u00f6ven-R\u00fctschelen-041.jpg);\"><\/div><div class=\"et_pb_slide\" style=\"background: url(https:\/\/ehl-i-lezzetiz.biz\/wp-content\/uploads\/Gasthof-L\u00f6ven-R\u00fctschelen-19.jpg);\"><\/div><div class=\"et_pb_slide\" style=\"background: url(https:\/\/ehl-i-lezzetiz.biz\/wp-content\/uploads\/Gasthof-L\u00f6ven-R\u00fctschelen-23.jpg);\"><\/div><div class=\"et_pb_slide\" style=\"background: url(https:\/\/ehl-i-lezzetiz.biz\/wp-content\/uploads\/Gasthof-L\u00f6ven-R\u00fctschelen-38.jpg);\"><\/div><div class=\"et_pb_slide\" style=\"background: url(https:\/\/ehl-i-lezzetiz.biz\/wp-content\/uploads\/Gasthof-L\u00f6ven-R\u00fctschelen-45.jpg);\"><\/div><div class=\"et_pb_slide\" style=\"background: url(https:\/\/ehl-i-lezzetiz.biz\/wp-content\/uploads\/Gasthof-L\u00f6ven-R\u00fctschelen-41.jpg);\"><\/div><div class=\"et_pb_slide\" style=\"background: url(https:\/\/ehl-i-lezzetiz.biz\/wp-content\/uploads\/Gasthof-L\u00f6ven-R\u00fctschelen-27.jpg);\"><\/div><div class=\"et_pb_slide\" style=\"background: url(https:\/\/ehl-i-lezzetiz.biz\/wp-content\/uploads\/Gasthof-L\u00f6ven-R\u00fctschelen-13.jpg);\"><\/div><div class=\"et_pb_slide\" style=\"background: url(https:\/\/ehl-i-lezzetiz.biz\/wp-content\/uploads\/Gasthof-L\u00f6ven-R\u00fctschelen-28.jpg);\"><\/div><div class=\"et_pb_slide\" style=\"background: url(https:\/\/ehl-i-lezzetiz.biz\/wp-content\/uploads\/Gasthof-L\u00f6ven-R\u00fctschelen-51.jpg);\"><\/div><div class=\"et_pb_slide\" style=\"background: url(https:\/\/ehl-i-lezzetiz.biz\/wp-content\/uploads\/Gasthof-L\u00f6ven-R\u00fctschelen-43.jpg);\"><\/div><div class=\"et_pb_slide\" style=\"background: url(https:\/\/ehl-i-lezzetiz.biz\/wp-content\/uploads\/Gasthof-L\u00f6ven-R\u00fctschelen-121.jpg);\"><\/div><div class=\"et_pb_slide\" style=\"background: url(https:\/\/ehl-i-lezzetiz.biz\/wp-content\/uploads\/Gasthof-L\u00f6ven-R\u00fctschelen-26.jpg);\"><\/div><div class=\"et_pb_slide\" style=\"background: url(https:\/\/ehl-i-lezzetiz.biz\/wp-content\/uploads\/Gasthof-L\u00f6ven-R\u00fctschelen-16.jpg);\"><\/div><div class=\"et_pb_slide\" style=\"background: url(https:\/\/ehl-i-lezzetiz.biz\/wp-content\/uploads\/Gasthof-L\u00f6ven-R\u00fctschelen-50.jpg);\"><\/div><div class=\"et_pb_slide\" style=\"background: url(https:\/\/ehl-i-lezzetiz.biz\/wp-content\/uploads\/Gasthof-L\u00f6ven-R\u00fctschelen-35.jpg);\"><\/div><div class=\"et_pb_slide\" style=\"background: url(https:\/\/ehl-i-lezzetiz.biz\/wp-content\/uploads\/Gasthof-L\u00f6ven-R\u00fctschelen-14.jpg);\"><\/div><div class=\"et_pb_slide\" style=\"background: url(https:\/\/ehl-i-lezzetiz.biz\/wp-content\/uploads\/Gasthof-L\u00f6ven-R\u00fctschelen-061.jpg);\"><\/div><div class=\"et_pb_slide\" style=\"background: url(https:\/\/ehl-i-lezzetiz.biz\/wp-content\/uploads\/Gasthof-L\u00f6ven-R\u00fctschelen-52.jpg);\"><\/div><div class=\"et_pb_slide\" style=\"background: url(https:\/\/ehl-i-lezzetiz.biz\/wp-content\/uploads\/Gasthof-L\u00f6ven-R\u00fctschelen-21.jpg);\"><\/div><div class=\"et_pb_slide\" style=\"background: url(https:\/\/ehl-i-lezzetiz.biz\/wp-content\/uploads\/Gasthof-L\u00f6ven-R\u00fctschelen-42.jpg);\"><\/div><div class=\"et_pb_slide\" style=\"background: url(https:\/\/ehl-i-lezzetiz.biz\/wp-content\/uploads\/Gasthof-L\u00f6ven-R\u00fctschelen-17.jpg);\"><\/div><div class=\"et_pb_slide\" style=\"background: url(https:\/\/ehl-i-lezzetiz.biz\/wp-content\/uploads\/Gasthof-L\u00f6ven-R\u00fctschelen-44.jpg);\"><\/div><div class=\"et_pb_slide\" style=\"background: url(https:\/\/ehl-i-lezzetiz.biz\/wp-content\/uploads\/Gasthof-L\u00f6ven-R\u00fctschelen-101.jpg);\"><\/div><div class=\"et_pb_slide\" style=\"background: url(https:\/\/ehl-i-lezzetiz.biz\/wp-content\/uploads\/Gasthof-L\u00f6ven-R\u00fctschelen-36.jpg);\"><\/div><div class=\"et_pb_slide\" style=\"background: url(https:\/\/ehl-i-lezzetiz.biz\/wp-content\/uploads\/Gasthof-L\u00f6ven-R\u00fctschelen-22.jpg);\"><\/div><div class=\"et_pb_slide\" style=\"background: url(https:\/\/ehl-i-lezzetiz.biz\/wp-content\/uploads\/Gasthof-L\u00f6ven-R\u00fctschelen-18.jpg);\"><\/div><div class=\"et_pb_slide\" style=\"background: url(https:\/\/ehl-i-lezzetiz.biz\/wp-content\/uploads\/Gasthof-L\u00f6ven-R\u00fctschelen-25.jpg);\"><\/div><div class=\"et_pb_slide\" style=\"background: url(https:\/\/ehl-i-lezzetiz.biz\/wp-content\/uploads\/Gasthof-L\u00f6ven-R\u00fctschelen-051.jpg);\"><\/div>\n\t\t\t\t<\/div>\n\t\t\t<\/div>\n<p>Gasthof L\u00f6wen<\/p>\n<p>S\u00fcrpriz ma\u011fara men\u00fcs\u00fc<\/p>\n<p>Gasthof L\u00f6ven konum itibar\u0131yla hemen k\u00f6sede de\u011fil ama \u00f6zel lezzetler i\u00e7in yolculu\u011fa de\u011fecek bir Mekan. Mekana girdi\u011fimizde dekorasyon i\u00e7in kullan\u0131lan \u015farap mantarlar\u0131n\u0131n yaratt\u0131\u011f\u0131 \u00f6zel bir ambiyans \u00e7ok ho\u015fumuza gitti.<\/p>\n<p>Aksam\u0131m\u0131za K\u00fc\u00e7\u00fck ma\u011faradaki \u015earap sergisini gezerek ba\u015flad\u0131k. Buras\u0131 \u00e7ok \u00f6zel giri\u015fte 1900 l\u00fc y\u0131llar\u0131n ba\u015f\u0131ndan bir fiyat listesi \u00f6zellikle ilgimizi \u00e7ekti \u00e7\u00fcnk\u00fc \u00fczerinde gecelik ahir ve hayvan besleme fiyatlarda mevcuttu.<\/p>\n<p>Daha sonra misafir odas\u0131ndaki b\u00fcy\u00fck Me\u015fe masada aperatifimizi alarak devam ettik. Buras\u0131 di\u011fer m\u00fc\u015fterilerle beraber oturulan biraz aile havas\u0131na sahip bir mekan. oturdu\u011fumuz yerden azda olsa mutfa\u011f\u0131 seyretmek m\u00fcmk\u00fcnd\u00fc i\u00e7eride herkesin bir s\u00fck\u00fbnet i\u00e7erisinde \u00e7al\u0131\u015ft\u0131\u011f\u0131 g\u00f6r\u00fcn\u00fcyordu. Aperatif olarak salonun bir yan\u0131nda kalk\u0131p tabakla almak i\u00e7in Zeytinya\u011fl\u0131 enginar siyah, Ye\u015fil zeytin ve Domates sosu yan\u0131ndada ya\u011fda k\u0131zart\u0131lm\u0131\u015f cipsler vard\u0131.<\/p>\n<p>Aperatiflerimizi bitirdikten sonra yerlerimizi ay\u0131rtt\u0131\u011f\u0131m\u0131z ma\u011faradaki masam\u0131za ge\u00e7tik. \u0130\u00e7eride ferahlat\u0131c\u0131 bir serinlik mevcuttu. Bu serinli\u011fin \u00f6zellikle s\u0131cak yaz g\u00fcnlerinde \u00e7ok ilgin\u00e7 olabilece\u011fini d\u00fc\u015f\u00fcn\u00fcyorum. Yeme\u011fimize konserve \u015fi\u015feleri i\u00e7erisinde servis edilmi\u015f k\u00f6p\u00fckl\u00fc k\u00f6ri \u00e7orbas\u0131yla ba\u015flad\u0131k. Sise \u00e7orban\u0131n s\u0131ca\u011f\u0131ndan hafif vakum yapm\u0131\u015ft\u0131. yan\u0131ndaki cevizli ekmek ise k\u00fc\u00e7\u00fck saks\u0131n\u0131n i\u00e7erisinde pi\u015firilmi\u015f ve saks\u0131s\u0131yla servis edilmi\u015fti. Ekme\u011finde \u00e7orban\u0131nda tad\u0131 gayet g\u00fczeldi \u00e7orba biraz daha koyu olsa sanki daha ho\u015f olabilirdi. (Tatbiki bu bir zevk meselesidir )<\/p>\n<p>S\u0131rada \u00e7i\u011f olarak marine edilmi\u015f sebzelerin i\u00e7lerinden bir b\u00f6l\u00fcm\u00fc rulo ve p\u00fcre halinde dondurulup , \u00fczerinde bir parca tesin b\u00f6lgesinden taze peynirle servisi tamamlanm\u0131\u015f Taboul\u00e9 Salatas\u0131 vard\u0131 servis taba\u011f\u0131 g\u00f6ze \u00e7ok g\u00fczel hitap ediyordu tad\u0131da ferahlat\u0131c\u0131 ve lezizdi.<\/p>\n<p>Midelerimizi hafif ferahlataca\u011f\u0131m\u0131z ara so\u011fu\u011fa gelmi\u015ftik. Bir konserve kutusu i\u00e7erisinde servis edilen Naneli Ananas sorbe dondurmas\u0131 hafif eksili elma schnapsiyla servis edildi (sert alkoll\u00fc i\u00e7ecek) (Sa\u011f olsun Servisteki arkada\u015flar benimkinin alkols\u00fcz servisine dikkat etmi\u015flerdi). Bu arada ara so\u011fu\u011fu hemen takiben ayni \u00fcr\u00fcn ba\u015fka bir servis sekliyle bize tekrar sunuldu. Buna men\u00fc i\u00e7erisinde tam olarak bir anlam veremedik ama k\u0131sa s\u00fcre i\u00e7erisinde bunun yanl\u0131\u015fl\u0131kla bize servis edildi\u011fini \u00f6\u011frendik (Bu bizim i\u00e7in k\u0131zd\u0131racak bir hatadan \u00e7ok ho\u015f bir s\u00fcrprizdi).<\/p>\n<p>Ve b\u00f6ylece ana yeme\u011fimize gelmi\u015ftik Dumanlanm\u0131\u015f patates p\u00fcresi , Top\u00e7uklar\u0131 ve sebzeyle s\u00fcslenip \u00fczerine Biberiye sosuyla servis edilmi\u015f iki \u00e7e\u015fit K\u0131rm\u0131z\u0131 Angus Bifte\u011fi (biri Biftek di\u011feri k\u00f6fte seklinde haz\u0131rlanm\u0131\u015f) Biftek pembe olarak pi\u015firilmi\u015fti (Rosa). Ana men\u00fc g\u00f6zede dama\u011fada \u00e7ok g\u00fczel hitap ediyordu.<\/p>\n<p>B\u00f6ylece bu aksam\u0131n sonuna gelmi\u015ftik s\u0131rada tatl\u0131lar\u0131m\u0131z vard\u0131. %70 cacao i\u00e7eren \u00e7ikolatan yap\u0131lm\u0131\u015f kek cilalanm\u0131\u015f ayva ve \u015eefin kendi \u00fcretti\u011fi taze \u015eamf\u0131st\u0131kl\u0131 dondurmayal\u0131 servis edilmi\u015fti. arada birde s\u00fcrpriz olarak Habenero aci biberinin tad\u0131 hissediliyordu. Bir \u00e7ikolata a\u015f\u0131\u011f\u0131 olan benim tatl\u0131 \u00e7ok ho\u015fuma gitmi\u015fti. Kahvelerin yan\u0131nda tad\u0131ml\u0131k k\u00fc\u00e7\u00fck kek par\u00e7ac\u0131klar\u0131da lezzet olarak \u00e7ok ho\u015ftu.<\/p>\n<p>Benim i\u00e7in Gasthof L\u00f6wen ambiyans\u0131 ve komplike olmayan \u00e7al\u0131\u015fanlar\u0131yla ho\u015f bir mek\u00e2nd\u0131 . S\u00fcrpriz men\u00fcn\u00fcn i\u00e7eri\u011fi gayet \u00e7ok y\u00f6nl\u00fc ve sunumu g\u00f6ze ho\u015f haz\u0131rlanm\u0131\u015f \u015fekildeydi. \u00c7ikolata a\u015f\u0131\u011f\u0131 olan benim i\u00e7in %70 Kakao i\u00e7erikli \u00e7ikolatayla haz\u0131rlanm\u0131\u015f tatl\u0131 ak\u015fam\u0131 harika bir \u015fekilde sonland\u0131rd\u0131. Gitmek isteyen herkese \u00f6nerebilece\u011fim bir mekan.<\/p>\n<p>S\u00fcrpriz men\u00fcn\u00fcn inanc\u0131m\u0131z gere\u011fi Domuz i\u00e7ermemesine ve benim men\u00fcm\u00fcn alkols\u00fcz haz\u0131rlan\u0131\u015f\u0131na \u00f6zellikle dikkat eden \u015fef ve servis personeline te\u015fekk\u00fcrlerimi sunar\u0131m.<\/p>\n<p>Erhan Arda ve Ehl-i-lezzet arkada\u015flar\u0131<\/p>\n<p>Vecih Bahcivan<\/p>\n<p>Mehmet Candar<\/p>\n<p>Ibrahim Suvat<\/p>\n<p>&nbsp;<\/p>\n<p>&nbsp;<\/p>\n<h3>Gasthof L\u00f6wen<\/h3>\n<h3>Dorf 31<\/h3>\n<h3>4933 R\u00fctschelen<\/h3>\n<h3>+ 41 62 922 34 85<\/h3>\n<h3><a href=\"http:\/\/www.grottebar.ch\">http:\/\/www.grottebar.ch\/<\/a><\/h3>\n<p>&nbsp;<\/p>\n<p>&nbsp;<\/p>\n<p><em><strong>Ilgin\u00e7 Linkler:<\/strong><\/em><\/p>\n<p><a href=\"https:\/\/ehl-i-lezzetiz.biz\/?p=1690&#038;lang=tr\">Taboul\u00e9 nedir:<\/a><\/p>\n<p><a href=\"https:\/\/ehl-i-lezzetiz.biz\/?p=1697&#038;lang=tr\">K\u0131rm\u0131z\u0131 Angus:<\/a><\/p>\n<p><a href=\"https:\/\/ehl-i-lezzetiz.biz\/?p=1601&#038;lang=tr\">Et Pi\u015firmede olgunluk noktalar\u0131:<\/a><\/p>\n","protected":false},"excerpt":{"rendered":"<p>Gasthof L\u00f6ven konum itibar\u0131yla hemen k\u00f6sede de\u011fil ama \u00f6zel lezzetler i\u00e7in yolculu\u011fa de\u011fecek bir Mekan. Mekana girdi\u011fimizde dekorasyon i\u00e7in kullan\u0131lan \u015farap mantarlar\u0131n\u0131n yaratt\u0131\u011f\u0131 \u00f6zel bir ambiyans \u00e7ok ho\u015fumuza gitti.<\/p>\n<p>Aksam\u0131m\u0131za K\u00fc\u00e7\u00fck ma\u011faradaki \u015earap sergisini gezerek ba\u015flad\u0131k. Buras\u0131 \u00e7ok \u00f6zel giri\u015fte 1900 l\u00fc y\u0131llar\u0131n ba\u015f\u0131ndan bir fiyat listesi \u00f6zellikle ilgimizi \u00e7ekti \u00e7\u00fcnk\u00fc \u00fczerinde gecelik ahir ve hayvan besleme fiyatlarda mevcuttu.<\/p>\n","protected":false},"author":8,"featured_media":1673,"comment_status":"open","ping_status":"closed","sticky":false,"template":"","format":"standard","meta":{"_et_pb_use_builder":"","_et_pb_old_content":"","_et_gb_content_width":"","footnotes":""},"categories":[4,7],"tags":[127,124,125,126,62],"class_list":["post-1620","post","type-post","status-publish","format-standard","has-post-thumbnail","hentry","category-lezzet-gezileri","category-restoran-gezileri","tag-garstufen-bei-fleisch","tag-gasthof-loven","tag-taboule","tag-red-angus","tag-restaurant-besuche"],"_links":{"self":[{"href":"https:\/\/ehl-i-lezzetiz.biz\/index.php?rest_route=\/wp\/v2\/posts\/1620","targetHints":{"allow":["GET"]}}],"collection":[{"href":"https:\/\/ehl-i-lezzetiz.biz\/index.php?rest_route=\/wp\/v2\/posts"}],"about":[{"href":"https:\/\/ehl-i-lezzetiz.biz\/index.php?rest_route=\/wp\/v2\/types\/post"}],"author":[{"embeddable":true,"href":"https:\/\/ehl-i-lezzetiz.biz\/index.php?rest_route=\/wp\/v2\/users\/8"}],"replies":[{"embeddable":true,"href":"https:\/\/ehl-i-lezzetiz.biz\/index.php?rest_route=%2Fwp%2Fv2%2Fcomments&post=1620"}],"version-history":[{"count":20,"href":"https:\/\/ehl-i-lezzetiz.biz\/index.php?rest_route=\/wp\/v2\/posts\/1620\/revisions"}],"predecessor-version":[{"id":22089,"href":"https:\/\/ehl-i-lezzetiz.biz\/index.php?rest_route=\/wp\/v2\/posts\/1620\/revisions\/22089"}],"wp:featuredmedia":[{"embeddable":true,"href":"https:\/\/ehl-i-lezzetiz.biz\/index.php?rest_route=\/wp\/v2\/media\/1673"}],"wp:attachment":[{"href":"https:\/\/ehl-i-lezzetiz.biz\/index.php?rest_route=%2Fwp%2Fv2%2Fmedia&parent=1620"}],"wp:term":[{"taxonomy":"category","embeddable":true,"href":"https:\/\/ehl-i-lezzetiz.biz\/index.php?rest_route=%2Fwp%2Fv2%2Fcategories&post=1620"},{"taxonomy":"post_tag","embeddable":true,"href":"https:\/\/ehl-i-lezzetiz.biz\/index.php?rest_route=%2Fwp%2Fv2%2Ftags&post=1620"}],"curies":[{"name":"wp","href":"https:\/\/api.w.org\/{rel}","templated":true}]}}