{"id":2336,"date":"2013-05-04T22:55:37","date_gmt":"2013-05-04T21:55:37","guid":{"rendered":"http:\/\/www.ehl-i-lezzetiz.biz\/?p=2336"},"modified":"2022-11-01T20:13:49","modified_gmt":"2022-11-01T19:13:49","slug":"stazione-centrale","status":"publish","type":"post","link":"https:\/\/ehl-i-lezzetiz.biz\/?p=2336","title":{"rendered":"Stazione Centrale &#8211; B\u00fcy\u00fck Milano Tren Gari"},"content":{"rendered":"<div class=\"et_pb_slider et_pb_slider_fullwidth_off et_pb_gallery_post_type\">\n\t\t\t\t<div class=\"et_pb_slides\">\n\t\t\t\t\t<div class=\"et_pb_slide\" style=\"background: url(https:\/\/ehl-i-lezzetiz.biz\/wp-content\/uploads\/Stazione-Centrale-037.jpg);\"><\/div><div class=\"et_pb_slide\" style=\"background: url(https:\/\/ehl-i-lezzetiz.biz\/wp-content\/uploads\/Stazione-Centrale-040.jpg);\"><\/div><div class=\"et_pb_slide\" style=\"background: url(https:\/\/ehl-i-lezzetiz.biz\/wp-content\/uploads\/Stazione-Centrale-042.jpg);\"><\/div><div class=\"et_pb_slide\" style=\"background: url(https:\/\/ehl-i-lezzetiz.biz\/wp-content\/uploads\/Stazione-Centrale-043.jpg);\"><\/div><div class=\"et_pb_slide\" style=\"background: url(https:\/\/ehl-i-lezzetiz.biz\/wp-content\/uploads\/Stazione-Centrale-038.jpg);\"><\/div><div class=\"et_pb_slide\" style=\"background: url(https:\/\/ehl-i-lezzetiz.biz\/wp-content\/uploads\/Stazione-Centrale-041.jpg);\"><\/div><div class=\"et_pb_slide\" style=\"background: url(https:\/\/ehl-i-lezzetiz.biz\/wp-content\/uploads\/Stazione-Centrale-044.jpg);\"><\/div><div class=\"et_pb_slide\" style=\"background: url(https:\/\/ehl-i-lezzetiz.biz\/wp-content\/uploads\/Stazione-Centrale-045.jpg);\"><\/div>\n\t\t\t\t<\/div>\n\t\t\t<\/div>\n<p>Stazione Centrale &#8211;\u00a0B\u00fcy\u00fck Milano Tren Gari<\/p>\n<p>Milano\u2019nun ana Tren istasyonu \u015ea\u015fal\u0131 Mermer yap\u0131s\u0131yla g\u00f6ze \u00e7arpar. 207 m eninde ve 36 m y\u00fcksekli\u011findedir. Planlan\u0131\u015f\u0131 1. D\u00fcnya sava\u015f\u0131 y\u0131llar\u0131nda tamamlanm\u0131\u015f olmas\u0131na ra\u011fmen 1930 y\u0131llar\u0131 sonunda tamamlanabilmi\u015ftir.<\/p>\n<p>Ba\u015flang\u0131\u00e7tan itibaren \u00e7ok kullan\u0131\u015fl\u0131 \u2013 fonksiyonel bir yap\u0131ya sahip de\u011fildir bu y\u00fczden \u00f6zellikle i\u00e7 b\u00f6l\u00fcmleri b\u00fcy\u00fck de\u011fi\u015fikliklere u\u011fram\u0131\u015f ve bu g\u00fcnk\u00fc haline ula\u015f mistir. \u0130\u00e7erisindeki al\u0131\u015fveri\u015f merkezleri neredeyse 24 saat a\u00e7iktir<\/p>\n","protected":false},"excerpt":{"rendered":"<p>Stazione Centrale &#8211; B\u00fcy\u00fck Milano Tren Gari<br \/>\nMilano\u2019nun ana Tren istasyonu \u015ea\u015fal\u0131 Mermer yap\u0131s\u0131yla g\u00f6ze \u00e7arpar. 207 m eninde ve 36 m y\u00fcksekli\u011findedir. Planlan\u0131\u015f\u0131 1. D\u00fcnya sava\u015f\u0131 y\u0131llar\u0131nda tamamlanm\u0131\u015f olmas\u0131na ra\u011fmen 1930 y\u0131llar\u0131 sonunda tamamlanabilmi\u015ftir.<\/p>\n","protected":false},"author":8,"featured_media":2337,"comment_status":"open","ping_status":"closed","sticky":false,"template":"","format":"standard","meta":{"_et_pb_use_builder":"","_et_pb_old_content":"","_et_gb_content_width":"","footnotes":""},"categories":[27,4,31],"tags":[456,152],"class_list":["post-2336","post","type-post","status-publish","format-standard","has-post-thumbnail","hentry","category-italya","category-lezzet-gezileri","category-milano","tag-mailand","tag-stazione-centrale"],"_links":{"self":[{"href":"https:\/\/ehl-i-lezzetiz.biz\/index.php?rest_route=\/wp\/v2\/posts\/2336","targetHints":{"allow":["GET"]}}],"collection":[{"href":"https:\/\/ehl-i-lezzetiz.biz\/index.php?rest_route=\/wp\/v2\/posts"}],"about":[{"href":"https:\/\/ehl-i-lezzetiz.biz\/index.php?rest_route=\/wp\/v2\/types\/post"}],"author":[{"embeddable":true,"href":"https:\/\/ehl-i-lezzetiz.biz\/index.php?rest_route=\/wp\/v2\/users\/8"}],"replies":[{"embeddable":true,"href":"https:\/\/ehl-i-lezzetiz.biz\/index.php?rest_route=%2Fwp%2Fv2%2Fcomments&post=2336"}],"version-history":[{"count":9,"href":"https:\/\/ehl-i-lezzetiz.biz\/index.php?rest_route=\/wp\/v2\/posts\/2336\/revisions"}],"predecessor-version":[{"id":22194,"href":"https:\/\/ehl-i-lezzetiz.biz\/index.php?rest_route=\/wp\/v2\/posts\/2336\/revisions\/22194"}],"wp:featuredmedia":[{"embeddable":true,"href":"https:\/\/ehl-i-lezzetiz.biz\/index.php?rest_route=\/wp\/v2\/media\/2337"}],"wp:attachment":[{"href":"https:\/\/ehl-i-lezzetiz.biz\/index.php?rest_route=%2Fwp%2Fv2%2Fmedia&parent=2336"}],"wp:term":[{"taxonomy":"category","embeddable":true,"href":"https:\/\/ehl-i-lezzetiz.biz\/index.php?rest_route=%2Fwp%2Fv2%2Fcategories&post=2336"},{"taxonomy":"post_tag","embeddable":true,"href":"https:\/\/ehl-i-lezzetiz.biz\/index.php?rest_route=%2Fwp%2Fv2%2Ftags&post=2336"}],"curies":[{"name":"wp","href":"https:\/\/api.w.org\/{rel}","templated":true}]}}