{"id":24072,"date":"2013-05-04T22:58:12","date_gmt":"2013-05-04T21:58:12","guid":{"rendered":"https:\/\/ehl-i-lezzetiz.biz\/?p=24072"},"modified":"2013-05-04T22:58:12","modified_gmt":"2013-05-04T21:58:12","slug":"domplatz-und-kirche","status":"publish","type":"post","link":"https:\/\/ehl-i-lezzetiz.biz\/?p=24072&lang=de","title":{"rendered":"Domplatz und Kirche"},"content":{"rendered":"<div class=\"et_pb_slider et_pb_slider_fullwidth_off et_pb_gallery_post_type\">\n\t\t\t\t<div class=\"et_pb_slides\">\n\t\t\t\t\t<div class=\"et_pb_slide\" style=\"background: url(https:\/\/ehl-i-lezzetiz.biz\/wp-content\/uploads\/Piazza-del-Duomo-082.jpg);\"><\/div><div class=\"et_pb_slide\" style=\"background: url(https:\/\/ehl-i-lezzetiz.biz\/wp-content\/uploads\/Piazza-del-Duomo-086.jpg);\"><\/div><div class=\"et_pb_slide\" style=\"background: url(https:\/\/ehl-i-lezzetiz.biz\/wp-content\/uploads\/Piazza-del-Duomo-073.jpg);\"><\/div><div class=\"et_pb_slide\" style=\"background: url(https:\/\/ehl-i-lezzetiz.biz\/wp-content\/uploads\/Piazza-del-Duomo-083.jpg);\"><\/div><div class=\"et_pb_slide\" style=\"background: url(https:\/\/ehl-i-lezzetiz.biz\/wp-content\/uploads\/Piazza-del-Duomo-091.jpg);\"><\/div><div class=\"et_pb_slide\" style=\"background: url(https:\/\/ehl-i-lezzetiz.biz\/wp-content\/uploads\/Piazza-del-Duomo-076.jpg);\"><\/div><div class=\"et_pb_slide\" style=\"background: url(https:\/\/ehl-i-lezzetiz.biz\/wp-content\/uploads\/Piazza-del-Duomo-070.jpg);\"><\/div><div class=\"et_pb_slide\" style=\"background: url(https:\/\/ehl-i-lezzetiz.biz\/wp-content\/uploads\/Piazza-del-Duomo-093.jpg);\"><\/div><div class=\"et_pb_slide\" style=\"background: url(https:\/\/ehl-i-lezzetiz.biz\/wp-content\/uploads\/Piazza-del-Duomo-072.jpg);\"><\/div><div class=\"et_pb_slide\" style=\"background: url(https:\/\/ehl-i-lezzetiz.biz\/wp-content\/uploads\/Piazza-del-Duomo-090.jpg);\"><\/div><div class=\"et_pb_slide\" style=\"background: url(https:\/\/ehl-i-lezzetiz.biz\/wp-content\/uploads\/Piazza-del-Duomo-074.jpg);\"><\/div><div class=\"et_pb_slide\" style=\"background: url(https:\/\/ehl-i-lezzetiz.biz\/wp-content\/uploads\/Piazza-del-Duomo-089.jpg);\"><\/div><div class=\"et_pb_slide\" style=\"background: url(https:\/\/ehl-i-lezzetiz.biz\/wp-content\/uploads\/Piazza-del-Duomo-079.jpg);\"><\/div><div class=\"et_pb_slide\" style=\"background: url(https:\/\/ehl-i-lezzetiz.biz\/wp-content\/uploads\/Piazza-del-Duomo-084.jpg);\"><\/div><div class=\"et_pb_slide\" style=\"background: url(https:\/\/ehl-i-lezzetiz.biz\/wp-content\/uploads\/Piazza-del-Duomo-094.jpg);\"><\/div><div class=\"et_pb_slide\" style=\"background: url(https:\/\/ehl-i-lezzetiz.biz\/wp-content\/uploads\/Piazza-del-Duomo-0781.jpg);\"><\/div><div class=\"et_pb_slide\" style=\"background: url(https:\/\/ehl-i-lezzetiz.biz\/wp-content\/uploads\/Piazza-del-Duomo-088.jpg);\"><\/div><div class=\"et_pb_slide\" style=\"background: url(https:\/\/ehl-i-lezzetiz.biz\/wp-content\/uploads\/Piazza-del-Duomo-087.jpg);\"><\/div><div class=\"et_pb_slide\" style=\"background: url(https:\/\/ehl-i-lezzetiz.biz\/wp-content\/uploads\/Piazza-del-Duomo-085.jpg);\"><\/div><div class=\"et_pb_slide\" style=\"background: url(https:\/\/ehl-i-lezzetiz.biz\/wp-content\/uploads\/Piazza-del-Duomo-071.jpg);\"><\/div><div class=\"et_pb_slide\" style=\"background: url(https:\/\/ehl-i-lezzetiz.biz\/wp-content\/uploads\/Piazza-del-Duomo-077.jpg);\"><\/div><div class=\"et_pb_slide\" style=\"background: url(https:\/\/ehl-i-lezzetiz.biz\/wp-content\/uploads\/Piazza-del-Duomo-080.jpg);\"><\/div><div class=\"et_pb_slide\" style=\"background: url(https:\/\/ehl-i-lezzetiz.biz\/wp-content\/uploads\/Piazza-del-Duomo-081.jpg);\"><\/div><div class=\"et_pb_slide\" style=\"background: url(https:\/\/ehl-i-lezzetiz.biz\/wp-content\/uploads\/Piazza-del-Duomo-092.jpg);\"><\/div>\n\t\t\t\t<\/div>\n\t\t\t<\/div>\n<p>Domplatz und Kirche<\/p>\n<p>Es ist eine Kathedrale in der Lombardei, Italien. Mit einer Grundfl\u00e4che von 11.700 m\u00b2 ist der Petersdom in Rom nach den Kathedralen St. Paul und Sevilla in London die viertgr\u00f6\u00dfte Kathedrale Europas.<\/p>\n<p>Es befindet sich im Zentrum von Mailand an der Piazza Del Duomo, die es nach ihm benannt hat. Mit einer Fl\u00e4che von 11.700 m\u00b2 und einem Volumen von 440.000 m\u00b3 ist sie die gr\u00f6\u00dfte in der Italienischen Republik und nach dem Petersdom im Vatikan mit ihrem 45 Meter hohen Hauptschiff die zweith\u00f6chste Kirche auf der italienischen Halbinsel.<\/p>\n<p>Der Bau der Kathedrale begann 1386 und wurde in nur 500 Jahren abgeschlossen.<\/p>\n","protected":false},"excerpt":{"rendered":"<p>Piazza del Duomo[:en]Domplatz und Kirche<\/p>\n<p>Es ist eine Kathedrale in der Lombardei, Italien. Mit einer Grundfl\u00e4che von 11.700 m\u00b2 ist der Petersdom in Rom nach den Kathedralen St. Paul und Sevilla in London die viertgr\u00f6\u00dfte Kathedrale Europas.<\/p>\n","protected":false},"author":8,"featured_media":9327,"comment_status":"open","ping_status":"closed","sticky":false,"template":"","format":"standard","meta":{"_et_pb_use_builder":"","_et_pb_old_content":"","_et_gb_content_width":"","footnotes":""},"categories":[830,768,2517],"tags":[2518,2559],"class_list":["post-24072","post","type-post","status-publish","format-standard","has-post-thumbnail","hentry","category-italien","category-kulinarische-reisen","category-mailand-de","tag-mailand-de","tag-piazza-del-duomo-de"],"_links":{"self":[{"href":"https:\/\/ehl-i-lezzetiz.biz\/index.php?rest_route=\/wp\/v2\/posts\/24072","targetHints":{"allow":["GET"]}}],"collection":[{"href":"https:\/\/ehl-i-lezzetiz.biz\/index.php?rest_route=\/wp\/v2\/posts"}],"about":[{"href":"https:\/\/ehl-i-lezzetiz.biz\/index.php?rest_route=\/wp\/v2\/types\/post"}],"author":[{"embeddable":true,"href":"https:\/\/ehl-i-lezzetiz.biz\/index.php?rest_route=\/wp\/v2\/users\/8"}],"replies":[{"embeddable":true,"href":"https:\/\/ehl-i-lezzetiz.biz\/index.php?rest_route=%2Fwp%2Fv2%2Fcomments&post=24072"}],"version-history":[{"count":0,"href":"https:\/\/ehl-i-lezzetiz.biz\/index.php?rest_route=\/wp\/v2\/posts\/24072\/revisions"}],"wp:featuredmedia":[{"embeddable":true,"href":"https:\/\/ehl-i-lezzetiz.biz\/index.php?rest_route=\/wp\/v2\/media\/9327"}],"wp:attachment":[{"href":"https:\/\/ehl-i-lezzetiz.biz\/index.php?rest_route=%2Fwp%2Fv2%2Fmedia&parent=24072"}],"wp:term":[{"taxonomy":"category","embeddable":true,"href":"https:\/\/ehl-i-lezzetiz.biz\/index.php?rest_route=%2Fwp%2Fv2%2Fcategories&post=24072"},{"taxonomy":"post_tag","embeddable":true,"href":"https:\/\/ehl-i-lezzetiz.biz\/index.php?rest_route=%2Fwp%2Fv2%2Ftags&post=24072"}],"curies":[{"name":"wp","href":"https:\/\/api.w.org\/{rel}","templated":true}]}}