{"id":26274,"date":"2024-03-10T14:58:29","date_gmt":"2024-03-10T13:58:29","guid":{"rendered":"https:\/\/ehl-i-lezzetiz.biz\/?p=26274"},"modified":"2023-12-10T22:15:14","modified_gmt":"2023-12-10T21:15:14","slug":"erhan-arda-2","status":"publish","type":"post","link":"https:\/\/ehl-i-lezzetiz.biz\/?p=26274&lang=de","title":{"rendered":"Erhan Arda"},"content":{"rendered":"<p>Hallo, ich bin Erhan Arda. In bin um die 50ern und Produktdesigner und Projektmanager mit Sitz in der Schweiz. Ich bin in Bak\u0131rk\u00f6y, Istanbul, aufgewachsen und habe meine Ausbildung an der Pilot Cengiz Topel Primary School und der Bak\u0131rk\u00f6y High School absolviert. Meine berufliche Laufbahn setze ich als Produktdesignerin in einem mittelgrossen Keksunternehmen in der Schweiz fort. Konditorei in der Schweiz<span class=\"Apple-converted-space\">  <\/span>und ich habe Chocolatier studiert, dann<span class=\"Apple-converted-space\"> wurde ich<\/span> Lebensmitteltechnikerin auf dem Strickhof W\u00e4denswil<\/p>\n<p><strong>Ich bin ziemlich bewandert in Sprachen:<\/strong> Meine Muttersprache ist T\u00fcrkisch, ich bin auf dem Niveau C1 &#8211; C2 in Deutsch und Schweizerdeutsch und B1 &#8211; B2 in Italienisch und Englisch. Au\u00dferdem lerne ich derzeit Arabisch und bin im Moment auf A2-Niveau.<\/p>\n<p><strong>Zu meinen Hobbys<\/strong> geh\u00f6ren amerikanisches Billard, das Sammeln von Pralinen, Kuchen und Kochb\u00fcchern, das Fotografieren. Mein besonderes Interesse gilt seltenen B\u00fcchern, insbesondere einem alten osmanischen Kochbuch, das 1844 in England ver\u00f6ffentlicht wurde.<\/p>\n<p><strong>Zu meinen Talenten<\/strong> und F\u00e4higkeiten geh\u00f6ren die F\u00e4higkeit, sich schnell in neue Themen einzuarbeiten, Fachwissen in Adobe Photoshop, Illustrator, MS Office-Programmen und Blog-Programmierkenntnisse mit WordPress. Ich nutze meine Kreativit\u00e4t, um Innovationen zu erforschen und digitale Designs zu erstellen.<\/p>\n<p><strong>Zu meinen Pers\u00f6nlichkeitsmerkmalen<\/strong> z\u00e4hlt es, meine Arbeit sauber und sch\u00f6n zu erledigen, die begonnene Arbeit zu beenden und konstruktive Gespr\u00e4che zu f\u00fchren. Meine Schw\u00e4chen sind meine Neigung, nicht zu vergessen, wenn ich w\u00fctend bin, und unn\u00f6tigen Streit zu vermeiden.<\/p>\n<p><strong>Meine beruflichen Ziele<\/strong> sind es, mein Wissen und meinen Horizont zu erweitern und kreativ zu sein. Zu meinen pers\u00f6nlichen Zielen geh\u00f6rt es, neue Orte zu erkunden, neue Geschmacksrichtungen auszuprobieren und einen Geschmacksatlas zu erstellen. Mein Traum ist es, die &#8220;Ehl-i Lezzet&#8221;-Community zu erweitern.<\/p>\n<p><strong>Als Lebensstil<\/strong> trinke und rauche ich keinen Alkohol und lege gro\u00dfen Wert auf gutes Essen. Ich liebe es, mit meiner Familie und Freunden zu reisen und Stadtrundfahrten zu machen.<\/p>\n<p><strong>Zu meinen Lebenserfahrungen geh\u00f6ren<\/strong> die Gr\u00fcndung meiner eigenen Werbeagentur und das Sammeln von Kenntnissen in verschiedenen Branchen durch die Arbeit in der Forschungs- und Entwicklungsabteilung.<\/p>\n<p>Das Ziel des Projekts &#8220;<strong>Ehl-i-Lezzet&#8221; ist<\/strong> es, eine Gemeinschaft f\u00fcr die Gastronomie zu schaffen, indem verschiedene Autoren zusammengebracht werden. Im Projekt bieten wir Inhalte in 6 Sprachen an: Englisch, Italienisch, Franz\u00f6sisch und Arabisch, insbesondere T\u00fcrkisch und Deutsch. Unsere kulturelle Mission ist es, die t\u00fcrkische K\u00fcche weltweit zu f\u00f6rdern.<\/p>\n<p>Mein Name ist Erhan Arda, ein Profi mit einer Leidenschaft f\u00fcr Essen und Design, mit einem facettenreichen kulturellen Hintergrund und einem reichen Erfahrungsschatz. Ich liebe es, die K\u00fcchen der Welt zu erkunden und dieses Wissen mit meiner eigenen Kreativit\u00e4t zu kombinieren.<\/p>\n<p><strong>Mein Motto<\/strong>: Eat Well, Be Happy, Love Food<br \/>\n<a href=\"http:\/\/www.ehl-i-lezzetiz.biz\/?fbclid=IwAR27SzAHvtS4HKJAyAjtrAGZ3BVuljE3E5YSOORuFGZ0-5sCxmyMZqoJpG8\">www.ehl-i-lezzetiz.biz<\/a> | <a href=\"https:\/\/l.facebook.com\/l.php?u=http%3A%2F%2Fwww.gourmet-de.news%2F%3Ffbclid%3DIwAR1Cd7rptqhoc-i29UwRC3j5r5sY_19QVmV-nJj08N-U5kRwGC9k20HvK0s&amp;h=AT2bzId-0MrsARD-IoRe-_F_SV8_h1uD9O7kAIPJTiMC5oGPExuC0uWveiyIPF0mUFFgNUg1TYoF1NBb6N-CR_pTJSWdRB1HYhGIm_BQh6UaorPYS8cjay05_TA2tGa4oc1oSEa7DL4eR1-L3jbDT6b8dwgNFwgMWB3YtmY2KKO91RZdVpEgNVjUUTnl8_VKUh93p54NVYPUdc0BegabLmUVcpTGMLLTW4dXLJHxRj9hWABlay9dwPu4y48d4xe7j3h4ZD8_nDvISi3u79-Lf6ErYwHmlxJZJn6tR0Xrm7jW2TpA67YDDcm5wZCtYdwx0B9H_Fw3pml781eax_CnDJ09w7yM-L6jJbtru0pvfsSHdGOz1kVYP-hPmA_UF5LTklmbbkkCU6YLzil1A3QJC5AjnwActU_YjQmfJra6s1ksM6MbGTJjFSTgEUcnG_fXP77SC9BGlbeQsJ0DBlFWz_EOvtRfuV3r-2oDDBdE0QZF23kPee_yWbj2JzeiwwXvSvyZCSySTrul4-GxtDNwfpY3G01IokffSRz7D8EXTXiZmVfQqDQQ3hF2gFMvEbRNDWI4WSyXffc2BRXbRyqa5saZp6Q3trBqMh7xlaYRs1kUNGgvU8A0vQq9BO_vWtG91LCXAp9-9Cmb2SSEjDawV8IfxYnkatmmKxzMJtJi_Q\">www.gourmet-de.news<\/a> | <a href=\"https:\/\/l.facebook.com\/l.php?u=http%3A%2F%2Fwww.gurme.news%2F%3Ffbclid%3DIwAR0vj_NLJI3lcAuIVR2UzvuvdZTK_LcsrDAu6lLiBxpM1qLyVfPbCNjqPdA&amp;h=AT2HDkjfqRWMlQdXnptWEDMqbwTrjvdiEsMdXdeBnLxfGjpHu5nhofKe45HkIXiZ6lKPiv3UlukS6MgcrfQ1hiPYRkP1_oBnE33b4fYw1y0lkawKS37Io9YhqzWlHQIbQt0EC4GUJV4k63u8GvXVWDNyqHyurwe6JM9rV9zmBSQReEUmTkAydJL-Spk0Sh3w9csTXyAfzFVATeR1osMSCEC5p08tZJ9lFm-G22IT9y321Pzx9_8VP5xoQapBHEbCSa-J8mY_7IoF2W7mTqWftqos8mq9a8EfeO34I4NlrFAcuQ1QLwYgdaclRfEPkAa2ZC_rXzciDmuZrktgZp5q_Ysc06ozCB74ZlmBRYA67NcG0dlk39d7R_EeAGR_qj31pNQMeFE6w_PELfG9zghN-EpMhLz7hhvWc0zk1lh2dBWUlOj-lekmkF5E-nSXTnS55nBFAE4ZOUZ0O2GVVwGrCvhIF1oypjQXOiFrN5t3n0ao6fhPczrGclqc9lYg1v3w6r_u2BPa0cyLRNATZWyXLYyw2uLpVfAsYfdIbk-8mfN0NaQf7yODbBDU42kXOga3-GBgL52-RYnDgHfm97R0VaBtV2rFZWO7iY10Ke5s37_QCr5BlgP3TSSQnUfj3rIZnDeGR7sHFJbpRm362tDfE6zGp7mlaHVZgl3SrRo2UQ\">www.gurme.news<\/a><\/p>\n","protected":false},"excerpt":{"rendered":"<p>Hallo, ich bin Erhan Arda. In meinen 50ern bin ich Produktdesignerin und Projektmanagerin mit Sitz in der Schweiz. Ich bin in Bak\u0131rk\u00f6y, Istanbul, aufgewachsen und habe meine Ausbildung an der Pilot Cengiz Topel Primary School und der Bak\u0131rk\u00f6y High School absolviert. Meine berufliche Laufbahn setze ich als Produktdesignerin in einem mittelgrossen Keksunternehmen in der Schweiz fort. Ich habe in der Schweiz eine Ausbildung in Konditorei und Schokolade gemacht und dann Mevzun vom Departement Lebensmitteltechniker  <\/p>\n","protected":false},"author":7,"featured_media":22171,"comment_status":"closed","ping_status":"closed","sticky":false,"template":"","format":"standard","meta":{"_et_pb_use_builder":"on","_et_pb_old_content":"","_et_gb_content_width":"","footnotes":""},"categories":[780,785,781],"tags":[],"class_list":["post-26274","post","type-post","status-publish","format-standard","has-post-thumbnail","hentry","category-feinschmecker","category-uber-mich-de","category-unsere-feinschmecker-blogger-de"],"_links":{"self":[{"href":"https:\/\/ehl-i-lezzetiz.biz\/index.php?rest_route=\/wp\/v2\/posts\/26274","targetHints":{"allow":["GET"]}}],"collection":[{"href":"https:\/\/ehl-i-lezzetiz.biz\/index.php?rest_route=\/wp\/v2\/posts"}],"about":[{"href":"https:\/\/ehl-i-lezzetiz.biz\/index.php?rest_route=\/wp\/v2\/types\/post"}],"author":[{"embeddable":true,"href":"https:\/\/ehl-i-lezzetiz.biz\/index.php?rest_route=\/wp\/v2\/users\/7"}],"replies":[{"embeddable":true,"href":"https:\/\/ehl-i-lezzetiz.biz\/index.php?rest_route=%2Fwp%2Fv2%2Fcomments&post=26274"}],"version-history":[{"count":1,"href":"https:\/\/ehl-i-lezzetiz.biz\/index.php?rest_route=\/wp\/v2\/posts\/26274\/revisions"}],"predecessor-version":[{"id":26275,"href":"https:\/\/ehl-i-lezzetiz.biz\/index.php?rest_route=\/wp\/v2\/posts\/26274\/revisions\/26275"}],"wp:featuredmedia":[{"embeddable":true,"href":"https:\/\/ehl-i-lezzetiz.biz\/index.php?rest_route=\/wp\/v2\/media\/22171"}],"wp:attachment":[{"href":"https:\/\/ehl-i-lezzetiz.biz\/index.php?rest_route=%2Fwp%2Fv2%2Fmedia&parent=26274"}],"wp:term":[{"taxonomy":"category","embeddable":true,"href":"https:\/\/ehl-i-lezzetiz.biz\/index.php?rest_route=%2Fwp%2Fv2%2Fcategories&post=26274"},{"taxonomy":"post_tag","embeddable":true,"href":"https:\/\/ehl-i-lezzetiz.biz\/index.php?rest_route=%2Fwp%2Fv2%2Ftags&post=26274"}],"curies":[{"name":"wp","href":"https:\/\/api.w.org\/{rel}","templated":true}]}}