{"id":26330,"date":"2024-03-16T16:11:26","date_gmt":"2024-03-16T15:11:26","guid":{"rendered":"https:\/\/ehl-i-lezzetiz.biz\/?p=26330"},"modified":"2024-03-16T21:27:41","modified_gmt":"2024-03-16T20:27:41","slug":"anna-schmidt","status":"publish","type":"post","link":"https:\/\/ehl-i-lezzetiz.biz\/?p=26330&lang=de","title":{"rendered":"Anna Schmidt"},"content":{"rendered":"<p style=\"font-weight: 400;\">Hallo! Mein Name ist Anna Schmidt, 35 Jahre alt, eine energische und innovative Marketing-Profi. Mit meinem Masterabschluss in Marketing an der Universit\u00e4t in Berlin habe ich mich auf eine beeindruckende Karrierereise begeben, vor allem in der Gastronomie und im Tourismus.<\/p>\n<p style=\"font-weight: 400;\">Ich bin ein innovativer, strategisch denkender und hochkreativer Mensch. Ich bin mit Leidenschaft bei der Sache und konzentriere mich st\u00e4ndig darauf, neue Ideen zu entwickeln. Teamwork und Zusammenarbeit sind mir sehr wichtig.<\/p>\n<p style=\"font-weight: 400;\">Mein Fachgebiet ist digitales Marketing, Markenf\u00fchrung und Social-Media-Strategien. Ich erstelle innovative Kampagnen, um Marken wachsen zu lassen und Zielgruppen zu beeinflussen. Ich liebe es zu reisen, neue Kulturen zu entdecken und besondere Gerichte aus der ganzen Welt zu probieren. Ich interessiere mich sehr f\u00fcr historische Kochb\u00fccher und liebe es, zu recherchieren, um vergessene Rezepte auszugraben.<\/p>\n<p style=\"font-weight: 400;\">Ich habe einen modernen und stilvollen Stil. W\u00e4hrend ich mit meinen hellblonden Haaren und gr\u00fcnen Augen professionell aussehe, ziehe ich es vor, mich bequem und stilvoll zu kleiden.<\/p>\n<p style=\"font-weight: 400;\">In unserem Blog informiere ich \u00fcber Marketingstrategien und Content-Management und erz\u00e4hle von meinen gastronomischen Erfahrungen von meinen Reisen und meinen Abenteuern beim Entdecken historischer Rezepte.<\/p>\n<p style=\"font-weight: 400;\">Als Anna Schmidt freue ich mich darauf, sowohl den inhaltlichen als auch den Marketingaspekt unseres Foodblogs Ehl-i Lezzetiz Biz st\u00e4rken zu k\u00f6nnen und Ihre Leser umfassend \u00fcber Marketingstrategien und Esskultur zu informieren. Allerdings m\u00f6chte ich hier ein Geheimnis verraten: Ich bin eigentlich eine fiktive Figur, die aus dem kreativen Kopf von Erhan Arda hervorgegangen ist. Die Geschichten, Rezepte und Reiseerinnerungen, die ich Ihnen auf dem Blog &#8220;We Are Ehl-i Lezzetiz&#8221; vorstellen werde, sind ein Produkt von Erhans Leidenschaft f\u00fcr Gastronomie und Kreativit\u00e4t. In dieser virtuellen Welt m\u00f6chte ich Ihnen, unseren gesch\u00e4tzten Lesern, den Reichtum und die Kultur der italienischen K\u00fcche vermitteln.<\/p>\n<p style=\"font-weight: 400;\">Mit unserem Motto &#8220;Eat Well, Be Happy, Love Food&#8221; k\u00f6nnen ich und meine Autorenkollegen es kaum erwarten, Sie auf eine Reise voller Geschmack mitzunehmen. Auf den Seiten von Ehl-i Lezzetiz Biz finden Sie nicht nur Rezepte, sondern auch Geschichten, die Br\u00fccken zwischen den Kulturen bauen. Ich stimme Francesco zu Denken Sie daran, Essen befriedigt nicht nur unseren Magen, sondern auch unsere Seele. Also, lasst uns dieses k\u00f6stliche Abenteuer gemeinsam genie\u00dfen.<\/p>\n<p style=\"font-weight: 400;\"><a href=\"http:\/\/www.ehl-i-lezzetiz.biz\/?fbclid=IwAR27SzAHvtS4HKJAyAjtrAGZ3BVuljE3E5YSOORuFGZ0-5sCxmyMZqoJpG8\">www.ehl-i-lezzetiz.biz<\/a> | <a href=\"https:\/\/l.facebook.com\/l.php?u=http%3A%2F%2Fwww.gourmet-de.news%2F%3Ffbclid%3DIwAR1Cd7rptqhoc-i29UwRC3j5r5sY_19QVmV-nJj08N-U5kRwGC9k20HvK0s&amp;h=AT2bzId-0MrsARD-IoRe-_F_SV8_h1uD9O7kAIPJTiMC5oGPExuC0uWveiyIPF0mUFFgNUg1TYoF1NBb6N-CR_pTJSWdRB1HYhGIm_BQh6UaorPYS8cjay05_TA2tGa4oc1oSEa7DL4eR1-L3jbDT6b8dwgNFwgMWB3YtmY2KKO91RZdVpEgNVjUUTnl8_VKUh93p54NVYPUdc0BegabLmUVcpTGMLLTW4dXLJHxRj9hWABlay9dwPu4y48d4xe7j3h4ZD8_nDvISi3u79-Lf6ErYwHmlxJZJn6tR0Xrm7jW2TpA67YDDcm5wZCtYdwx0B9H_Fw3pml781eax_CnDJ09w7yM-L6jJbtru0pvfsSHdGOz1kVYP-hPmA_UF5LTklmbbkkCU6YLzil1A3QJC5AjnwActU_YjQmfJra6s1ksM6MbGTJjFSTgEUcnG_fXP77SC9BGlbeQsJ0DBlFWz_EOvtRfuV3r-2oDDBdE0QZF23kPee_yWbj2JzeiwwXvSvyZCSySTrul4-GxtDNwfpY3G01IokffSRz7D8EXTXiZmVfQqDQQ3hF2gFMvEbRNDWI4WSyXffc2BRXbRyqa5saZp6Q3trBqMh7xlaYRs1kUNGgvU8A0vQq9BO_vWtG91LCXAp9-9Cmb2SSEjDawV8IfxYnkatmmKxzMJtJi_Q\">www.gourmet-de.news<\/a> | <a href=\"http:\/\/www.gurme.news\/\">www.gurme.news<\/a><\/p>\n<p style=\"font-weight: 400;\">Die Themen meiner ersten 10 Blogartikel, die ich auf unserem Foodblog schreiben werde, k\u00f6nnten die folgenden sein<\/p>\n<ul>\n<li><strong>Auswahl aus der Weltk\u00fcche:<\/strong> Kann die einzigartigen Gerichte verschiedener Kulturen und deren Zubereitungsmethoden erkl\u00e4ren.<\/li>\n<li><strong>Nachhaltige Essgewohnheiten:<\/strong> Die Verwendung von biologischen und lokalen Produkten kann sich auf umweltfreundliche Koch- und Konsumpraktiken konzentrieren.<\/li>\n<li><strong>Die geheimnisvolle Welt der Gew\u00fcrze:<\/strong> Es kann einen Leitfaden f\u00fcr verschiedene Gew\u00fcrze erstellen und wie sie Gerichten einzigartige Aromen verleihen.<\/li>\n<li><strong>Tipps f\u00fcr ein gesundes Leben in der K\u00fcche:<\/strong> Es kann Aufschluss \u00fcber eine ausgewogene Ern\u00e4hrung und gesunde Kochtechniken geben.<\/li>\n<li><strong>Lokale K\u00f6stlichkeiten und ihre Geschichten:<\/strong> Kann Artikel \u00fcber die Geschichte und kulturelle Bedeutung lokaler Gerichte der T\u00fcrkei oder anderer L\u00e4nder schreiben.<\/li>\n<li><strong>Essensplanung nach Jahreszeiten:<\/strong> Es kann Vorschl\u00e4ge f\u00fcr die Verwendung von saisonalen Produkten und Rezepten machen, die mit diesen Produkten zubereitet werden k\u00f6nnen.<\/li>\n<li><strong>Vegane und vegetarische Rezepte:<\/strong> Es kann k\u00f6stliche und innovative Rezepte f\u00fcr die pflanzliche Ern\u00e4hrung anbieten.<\/li>\n<li><strong>Kochtechniken:<\/strong> Kann Auskunft \u00fcber verschiedene Kochtechniken und deren Auswirkungen auf Mahlzeiten geben.<\/li>\n<li><strong>Globale kulinarische Trends:<\/strong> Untersuchen Sie die Food-Trends, die auf der ganzen Welt beliebt sind, und die kulturellen Einfl\u00fcsse, die hinter diesen Trends stehen.<\/li>\n<li><strong>Traditionelle t\u00fcrkische K\u00fcche:<\/strong> Erkl\u00e4ren Sie den Reichtum der t\u00fcrkischen K\u00fcche, klassische Rezepte und wie diese Rezepte in modernen K\u00fcchen angewendet werden k\u00f6nnen.<\/li>\n<\/ul>\n<p>&nbsp;<\/p>\n<p><a href=\"https:\/\/ehl-i-lezzetiz.biz\/?p=26543\" rel=\"attachment wp-att-26447\"><img loading=\"lazy\" decoding=\"async\" class=\"wp-image-26447\" src=\"https:\/\/ehl-i-lezzetiz.biz\/wp-content\/uploads\/\/Francesco-Usulu-Caprese-4-1240x709.jpg\" alt=\"\" width=\"297\" height=\"170\" aria-describedby=\"caption-attachment-26447\" srcset=\"https:\/\/ehl-i-lezzetiz.biz\/wp-content\/uploads\/Francesco-Usulu-Caprese-4-1240x709.jpg 1240w, https:\/\/ehl-i-lezzetiz.biz\/wp-content\/uploads\/Francesco-Usulu-Caprese-4-300x171.jpg 300w, https:\/\/ehl-i-lezzetiz.biz\/wp-content\/uploads\/Francesco-Usulu-Caprese-4-768x439.jpg 768w, https:\/\/ehl-i-lezzetiz.biz\/wp-content\/uploads\/Francesco-Usulu-Caprese-4-1080x617.jpg 1080w, https:\/\/ehl-i-lezzetiz.biz\/wp-content\/uploads\/Francesco-Usulu-Caprese-4-1280x732.jpg 1280w, https:\/\/ehl-i-lezzetiz.biz\/wp-content\/uploads\/Francesco-Usulu-Caprese-4-980x560.jpg 980w, https:\/\/ehl-i-lezzetiz.biz\/wp-content\/uploads\/Francesco-Usulu-Caprese-4-480x274.jpg 480w, https:\/\/ehl-i-lezzetiz.biz\/wp-content\/uploads\/Francesco-Usulu-Caprese-4.jpg 1440w\" sizes=\"auto, (max-width: 297px) 100vw, 297px\" \/><\/a><\/p>\n<p id=\"caption-attachment-26447\" class=\"wp-caption-text\">Wir sind das Ehl-i Lezzetiz Wir sind das fiktive Autorenteam<\/p>\n","protected":false},"excerpt":{"rendered":"<p>Hallo! Mein Name ist Anna Schmidt, 35 Jahre alt, eine energische und innovative Marketing-Profi. Mit meinem Masterabschluss in Marketing an der Universit\u00e4t in Berlin habe ich mich auf eine beeindruckende Karrierereise begeben, vor allem in der Gastronomie und im Tourismus.<br \/>\nIch bin ein innovativer, strategisch denkender und hochkreativer Mensch. Ich bin mit Leidenschaft bei der Sache und konzentriere mich st\u00e4ndig darauf, neue Ideen zu entwickeln. Teamwork und Zusammenarbeit sind mir sehr wichtig.<\/p>\n","protected":false},"author":7,"featured_media":26298,"comment_status":"closed","ping_status":"closed","sticky":false,"template":"","format":"standard","meta":{"_et_pb_use_builder":"","_et_pb_old_content":"","_et_gb_content_width":"","footnotes":""},"categories":[3975,780,781,3958],"tags":[3977,3976,3872,3957],"class_list":["post-26330","post","type-post","status-publish","format-standard","has-post-thumbnail","hentry","category-anna-schmidt-de","category-feinschmecker","category-unsere-feinschmecker-blogger-de","category-wir-sind-das-ehl-i-lezzetiz-wir-sind-das-fiktive-autorenteam","tag-ahl-de","tag-anna-schmidt-de","tag-ehl-i-lezzetiz-biz-de-2","tag-wir-sind-das-ehl-i-lezzetiz-wir-sind-das-fiktive-autorenteam"],"_links":{"self":[{"href":"https:\/\/ehl-i-lezzetiz.biz\/index.php?rest_route=\/wp\/v2\/posts\/26330","targetHints":{"allow":["GET"]}}],"collection":[{"href":"https:\/\/ehl-i-lezzetiz.biz\/index.php?rest_route=\/wp\/v2\/posts"}],"about":[{"href":"https:\/\/ehl-i-lezzetiz.biz\/index.php?rest_route=\/wp\/v2\/types\/post"}],"author":[{"embeddable":true,"href":"https:\/\/ehl-i-lezzetiz.biz\/index.php?rest_route=\/wp\/v2\/users\/7"}],"replies":[{"embeddable":true,"href":"https:\/\/ehl-i-lezzetiz.biz\/index.php?rest_route=%2Fwp%2Fv2%2Fcomments&post=26330"}],"version-history":[{"count":2,"href":"https:\/\/ehl-i-lezzetiz.biz\/index.php?rest_route=\/wp\/v2\/posts\/26330\/revisions"}],"predecessor-version":[{"id":26594,"href":"https:\/\/ehl-i-lezzetiz.biz\/index.php?rest_route=\/wp\/v2\/posts\/26330\/revisions\/26594"}],"wp:featuredmedia":[{"embeddable":true,"href":"https:\/\/ehl-i-lezzetiz.biz\/index.php?rest_route=\/wp\/v2\/media\/26298"}],"wp:attachment":[{"href":"https:\/\/ehl-i-lezzetiz.biz\/index.php?rest_route=%2Fwp%2Fv2%2Fmedia&parent=26330"}],"wp:term":[{"taxonomy":"category","embeddable":true,"href":"https:\/\/ehl-i-lezzetiz.biz\/index.php?rest_route=%2Fwp%2Fv2%2Fcategories&post=26330"},{"taxonomy":"post_tag","embeddable":true,"href":"https:\/\/ehl-i-lezzetiz.biz\/index.php?rest_route=%2Fwp%2Fv2%2Ftags&post=26330"}],"curies":[{"name":"wp","href":"https:\/\/api.w.org\/{rel}","templated":true}]}}