{"id":26346,"date":"2024-03-10T20:00:52","date_gmt":"2024-03-10T19:00:52","guid":{"rendered":"https:\/\/ehl-i-lezzetiz.biz\/?p=26346"},"modified":"2024-03-10T20:46:33","modified_gmt":"2024-03-10T19:46:33","slug":"francesco-usulu-papa-al-pomodoro","status":"publish","type":"post","link":"https:\/\/ehl-i-lezzetiz.biz\/?p=26346","title":{"rendered":"Francesco Usul\u00fc Papa al Pomodoro"},"content":{"rendered":"<p style=\"font-weight: 400;\">Merhaba, ben Francesco. Bug\u00fcn sizlerle, hem kalbime hem de Toskana&#8217;n\u0131n ye\u015fil tepelerine dokunan bir yeme\u011fi payla\u015faca\u011f\u0131m: Pappa al Pomodoro. Bu sade ama lezzet dolu yemek, benim \u00e7ocuklu\u011fumun ve Toskana&#8217;n\u0131n zengin mutfak k\u00fclt\u00fcr\u00fcn\u00fcn bir simgesi.<\/p>\n<p style=\"font-weight: 400;\">Pappa al Pomodoro&#8217;nun Hikayesi<\/p>\n<p style=\"font-weight: 400;\">Pappa al Pomodoro, asl\u0131nda bir zamanlar Toskana&#8217;daki fakir \u00e7ift\u00e7ilerin yeme\u011fiydi. Basit, ucuz malzemelerle haz\u0131rlanan bu yemek, zamanla b\u00f6lgenin en sevilen lezzetlerinden biri haline geldi.<\/p>\n<p style=\"font-weight: 400;\"><strong>Malzemeler<\/strong><\/p>\n<p><a href=\"https:\/\/ehl-i-lezzetiz.biz\/?attachment_id=26426\" rel=\"attachment wp-att-26426\"><img loading=\"lazy\" decoding=\"async\" class=\"alignnone size-large wp-image-26426\" src=\"https:\/\/ehl-i-lezzetiz.biz\/wp-content\/uploads\/Francesco-Usulu-Papa-al-Pomodoro-1240x709.jpg\" alt=\"\" width=\"1080\" height=\"618\" srcset=\"https:\/\/ehl-i-lezzetiz.biz\/wp-content\/uploads\/Francesco-Usulu-Papa-al-Pomodoro-980x560.jpg 980w, https:\/\/ehl-i-lezzetiz.biz\/wp-content\/uploads\/Francesco-Usulu-Papa-al-Pomodoro-480x274.jpg 480w\" sizes=\"auto, (min-width: 0px) and (max-width: 480px) 480px, (min-width: 481px) and (max-width: 980px) 980px, (min-width: 981px) 1080px, 100vw\" \/><\/a><\/p>\n<ul>\n<li>4 yemek ka\u015f\u0131\u011f\u0131 zeytinya\u011f\u0131<\/li>\n<li>1 orta boy so\u011fan, ince do\u011franm\u0131\u015f<\/li>\n<li>2 di\u015f sar\u0131msak, ezilmi\u015f<\/li>\n<li>800 gram olgun domates, kabuklar\u0131 soyulmu\u015f ve do\u011franm\u0131\u015f (veya kaliteli konserve domates)<\/li>\n<li>400 gram bayat Toskana ekme\u011fi (veya di\u011fer sert ekmek), kabuksuz ve k\u00fcp k\u00fcp do\u011franm\u0131\u015f<\/li>\n<li>Taze fesle\u011fen yapraklar\u0131<\/li>\n<li>Tuz ve taze \u00e7ekilmi\u015f karabiber<\/li>\n<li>Opsiyonel: Parmesan peyniri, rendelenmi\u015f<\/li>\n<\/ul>\n<p style=\"font-weight: 400;\"><strong>Haz\u0131rlan\u0131\u015f\u0131<\/strong><\/p>\n<ul>\n<li>So\u011fanlar\u0131 Kavurun: Geni\u015f bir tencerede zeytinya\u011f\u0131n\u0131 \u0131s\u0131t\u0131n ve so\u011fanlar\u0131 ekleyin. Orta ate\u015fte, so\u011fanlar yumu\u015fayana kadar yakla\u015f\u0131k 5 dakika pi\u015firin.<\/li>\n<\/ul>\n<p><a href=\"https:\/\/ehl-i-lezzetiz.biz\/?attachment_id=26366\" rel=\"attachment wp-att-26366\"><img loading=\"lazy\" decoding=\"async\" class=\"alignnone size-large wp-image-26366\" src=\"https:\/\/ehl-i-lezzetiz.biz\/wp-content\/uploads\/Francesco-Usulu-Papa-al-Pomodoro-5-1240x709.jpg\" alt=\"\" width=\"1080\" height=\"618\" srcset=\"https:\/\/ehl-i-lezzetiz.biz\/wp-content\/uploads\/Francesco-Usulu-Papa-al-Pomodoro-5-980x560.jpg 980w, https:\/\/ehl-i-lezzetiz.biz\/wp-content\/uploads\/Francesco-Usulu-Papa-al-Pomodoro-5-480x274.jpg 480w\" sizes=\"auto, (min-width: 0px) and (max-width: 480px) 480px, (min-width: 481px) and (max-width: 980px) 980px, (min-width: 981px) 1080px, 100vw\" \/><\/a><\/p>\n<ul>\n<li>Domates ve Sar\u0131msak Ekleyin: So\u011fanlar yumu\u015fad\u0131\u011f\u0131nda, ezilmi\u015f sar\u0131msak ve do\u011franm\u0131\u015f domatesleri ekleyin. Tuz ve karabiberle tatland\u0131r\u0131n. Domatesler yumu\u015fay\u0131p, sos k\u0131vam\u0131n\u0131 alana kadar yakla\u015f\u0131k 15-20 dakika pi\u015firin.<\/li>\n<\/ul>\n<p><a href=\"https:\/\/ehl-i-lezzetiz.biz\/?attachment_id=26372\" rel=\"attachment wp-att-26372\"><img loading=\"lazy\" decoding=\"async\" class=\"alignnone size-large wp-image-26372\" src=\"https:\/\/ehl-i-lezzetiz.biz\/wp-content\/uploads\/Francesco-Usulu-Papa-al-Pomodoro-6-1240x709.jpg\" alt=\"\" width=\"1080\" height=\"618\" srcset=\"https:\/\/ehl-i-lezzetiz.biz\/wp-content\/uploads\/Francesco-Usulu-Papa-al-Pomodoro-6-980x560.jpg 980w, https:\/\/ehl-i-lezzetiz.biz\/wp-content\/uploads\/Francesco-Usulu-Papa-al-Pomodoro-6-480x274.jpg 480w\" sizes=\"auto, (min-width: 0px) and (max-width: 480px) 480px, (min-width: 481px) and (max-width: 980px) 980px, (min-width: 981px) 1080px, 100vw\" \/><\/a><\/p>\n<ul>\n<li>Ekme\u011fi ve Fesle\u011feni Ekleyin: Bayat ekmek k\u00fcplerini tencereye ekleyin ve iyice kar\u0131\u015ft\u0131r\u0131n. Ekmek, domates sosunu emmeli ve kar\u0131\u015f\u0131m koyula\u015fmal\u0131d\u0131r. Bu s\u00fcre\u00e7 yakla\u015f\u0131k 10 dakika s\u00fcrecektir.<\/li>\n<\/ul>\n<p><a href=\"https:\/\/ehl-i-lezzetiz.biz\/?attachment_id=26384\" rel=\"attachment wp-att-26384\"><img loading=\"lazy\" decoding=\"async\" class=\"alignnone size-large wp-image-26384\" src=\"https:\/\/ehl-i-lezzetiz.biz\/wp-content\/uploads\/Francesco-Usulu-Papa-al-Pomodoro-8-1240x709.jpg\" alt=\"\" width=\"1080\" height=\"618\" srcset=\"https:\/\/ehl-i-lezzetiz.biz\/wp-content\/uploads\/Francesco-Usulu-Papa-al-Pomodoro-8-980x560.jpg 980w, https:\/\/ehl-i-lezzetiz.biz\/wp-content\/uploads\/Francesco-Usulu-Papa-al-Pomodoro-8-480x274.jpg 480w\" sizes=\"auto, (min-width: 0px) and (max-width: 480px) 480px, (min-width: 481px) and (max-width: 980px) 980px, (min-width: 981px) 1080px, 100vw\" \/><\/a><\/p>\n<ul>\n<li>Final Dokunu\u015flar\u0131: Taze fesle\u011fen yapraklar\u0131n\u0131 ekleyin ve birka\u00e7 dakika daha pi\u015firin. E\u011fer isterseniz, \u00fczerine biraz rendelenmi\u015f Parmesan peyniri serpebilirsiniz.<\/li>\n<\/ul>\n<p><a href=\"https:\/\/ehl-i-lezzetiz.biz\/?attachment_id=26402\" rel=\"attachment wp-att-26402\"><img loading=\"lazy\" decoding=\"async\" class=\"alignnone size-large wp-image-26402\" src=\"https:\/\/ehl-i-lezzetiz.biz\/wp-content\/uploads\/Francesco-Usulu-Papa-al-Pomodoro-11-1240x709.jpg\" alt=\"\" width=\"1080\" height=\"618\" srcset=\"https:\/\/ehl-i-lezzetiz.biz\/wp-content\/uploads\/Francesco-Usulu-Papa-al-Pomodoro-11-980x560.jpg 980w, https:\/\/ehl-i-lezzetiz.biz\/wp-content\/uploads\/Francesco-Usulu-Papa-al-Pomodoro-11-480x274.jpg 480w\" sizes=\"auto, (min-width: 0px) and (max-width: 480px) 480px, (min-width: 481px) and (max-width: 980px) 980px, (min-width: 981px) 1080px, 100vw\" \/><\/a><\/p>\n<ul>\n<li>Servis Yap\u0131n: S\u0131cak olarak servis edin ve Toskana&#8217;n\u0131n basit ama zengin lezzetlerini tad\u0131n.<\/li>\n<\/ul>\n<p><a href=\"https:\/\/ehl-i-lezzetiz.biz\/?attachment_id=26420\" rel=\"attachment wp-att-26420\"><img loading=\"lazy\" decoding=\"async\" class=\"alignnone size-large wp-image-26420\" src=\"https:\/\/ehl-i-lezzetiz.biz\/wp-content\/uploads\/Francesco-Usulu-Papa-al-Pomodoro-14-1240x709.jpg\" alt=\"\" width=\"1080\" height=\"618\" srcset=\"https:\/\/ehl-i-lezzetiz.biz\/wp-content\/uploads\/Francesco-Usulu-Papa-al-Pomodoro-14-980x560.jpg 980w, https:\/\/ehl-i-lezzetiz.biz\/wp-content\/uploads\/Francesco-Usulu-Papa-al-Pomodoro-14-480x274.jpg 480w\" sizes=\"auto, (min-width: 0px) and (max-width: 480px) 480px, (min-width: 481px) and (max-width: 980px) 980px, (min-width: 981px) 1080px, 100vw\" \/><\/a><\/p>\n<p style=\"font-weight: 400;\">Pappa al Pomodoro, Toskana mutfa\u011f\u0131n\u0131n \u00f6z\u00fcn\u00fc yans\u0131t\u0131r: Sadelik, tazelik ve kaliteli malzemeler. Bu yeme\u011fi yaparken, her bir lokmada Toskana&#8217;n\u0131n g\u00fcne\u015fi, topra\u011f\u0131 ve tarihini hissedebilirsiniz. Bu tarifi deneyin ve \u0130talyan mutfa\u011f\u0131n\u0131n bu klasi\u011fiyle mutfaklar\u0131n\u0131z\u0131 \u0131s\u0131t\u0131n. Bu basit ama etkileyici yeme\u011fi aileniz ve dostlar\u0131n\u0131zla payla\u015f\u0131n, ve Toskana&#8217;n\u0131n s\u0131cakl\u0131\u011f\u0131n\u0131 sofralar\u0131n\u0131za ta\u015f\u0131y\u0131n.<\/p>\n<p style=\"font-weight: 400;\">Afiyet olsun!<\/p>\n<h1><a href=\"https:\/\/ehl-i-lezzetiz.biz\/?attachment_id=26312\" rel=\"attachment wp-att-26312\"><img loading=\"lazy\" decoding=\"async\" class=\"alignnone wp-image-26312\" src=\"https:\/\/ehl-i-lezzetiz.biz\/wp-content\/uploads\/Yilmazin-Francesco-Rossi.jpg\" alt=\"\" width=\"308\" height=\"308\" \/><\/a><\/h1>\n<h1><a href=\"https:\/\/ehl-i-lezzetiz.biz\/?p=26336\">FRANCESCO ROSS\u0130<\/a><\/h1>\n<p>&nbsp;<\/p>\n<p>&nbsp;<\/p>\n<p style=\"font-weight: 400;\">Eat Well, Be Happy, Love Food<br \/>\n<a href=\"http:\/\/www.ehl-i-lezzetiz.biz\/?fbclid=IwAR27SzAHvtS4HKJAyAjtrAGZ3BVuljE3E5YSOORuFGZ0-5sCxmyMZqoJpG8\">www.ehl-i-lezzetiz.biz<\/a>\u00a0|\u00a0<a href=\"https:\/\/l.facebook.com\/l.php?u=http%3A%2F%2Fwww.gourmet-de.news%2F%3Ffbclid%3DIwAR1Cd7rptqhoc-i29UwRC3j5r5sY_19QVmV-nJj08N-U5kRwGC9k20HvK0s&amp;h=AT2bzId-0MrsARD-IoRe-_F_SV8_h1uD9O7kAIPJTiMC5oGPExuC0uWveiyIPF0mUFFgNUg1TYoF1NBb6N-CR_pTJSWdRB1HYhGIm_BQh6UaorPYS8cjay05_TA2tGa4oc1oSEa7DL4eR1-L3jbDT6b8dwgNFwgMWB3YtmY2KKO91RZdVpEgNVjUUTnl8_VKUh93p54NVYPUdc0BegabLmUVcpTGMLLTW4dXLJHxRj9hWABlay9dwPu4y48d4xe7j3h4ZD8_nDvISi3u79-Lf6ErYwHmlxJZJn6tR0Xrm7jW2TpA67YDDcm5wZCtYdwx0B9H_Fw3pml781eax_CnDJ09w7yM-L6jJbtru0pvfsSHdGOz1kVYP-hPmA_UF5LTklmbbkkCU6YLzil1A3QJC5AjnwActU_YjQmfJra6s1ksM6MbGTJjFSTgEUcnG_fXP77SC9BGlbeQsJ0DBlFWz_EOvtRfuV3r-2oDDBdE0QZF23kPee_yWbj2JzeiwwXvSvyZCSySTrul4-GxtDNwfpY3G01IokffSRz7D8EXTXiZmVfQqDQQ3hF2gFMvEbRNDWI4WSyXffc2BRXbRyqa5saZp6Q3trBqMh7xlaYRs1kUNGgvU8A0vQq9BO_vWtG91LCXAp9-9Cmb2SSEjDawV8IfxYnkatmmKxzMJtJi_Q\">www.gourmet-de.news<\/a>\u00a0|\u00a0<a href=\"https:\/\/l.facebook.com\/l.php?u=http%3A%2F%2Fwww.gurme.news%2F%3Ffbclid%3DIwAR0vj_NLJI3lcAuIVR2UzvuvdZTK_LcsrDAu6lLiBxpM1qLyVfPbCNjqPdA&amp;h=AT2HDkjfqRWMlQdXnptWEDMqbwTrjvdiEsMdXdeBnLxfGjpHu5nhofKe45HkIXiZ6lKPiv3UlukS6MgcrfQ1hiPYRkP1_oBnE33b4fYw1y0lkawKS37Io9YhqzWlHQIbQt0EC4GUJV4k63u8GvXVWDNyqHyurwe6JM9rV9zmBSQReEUmTkAydJL-Spk0Sh3w9csTXyAfzFVATeR1osMSCEC5p08tZJ9lFm-G22IT9y321Pzx9_8VP5xoQapBHEbCSa-J8mY_7IoF2W7mTqWftqos8mq9a8EfeO34I4NlrFAcuQ1QLwYgdaclRfEPkAa2ZC_rXzciDmuZrktgZp5q_Ysc06ozCB74ZlmBRYA67NcG0dlk39d7R_EeAGR_qj31pNQMeFE6w_PELfG9zghN-EpMhLz7hhvWc0zk1lh2dBWUlOj-lekmkF5E-nSXTnS55nBFAE4ZOUZ0O2GVVwGrCvhIF1oypjQXOiFrN5t3n0ao6fhPczrGclqc9lYg1v3w6r_u2BPa0cyLRNATZWyXLYyw2uLpVfAsYfdIbk-8mfN0NaQf7yODbBDU42kXOga3-GBgL52-RYnDgHfm97R0VaBtV2rFZWO7iY10Ke5s37_QCr5BlgP3TSSQnUfj3rIZnDeGR7sHFJbpRm362tDfE6zGp7mlaHVZgl3SrRo2UQ\">www.gurme.news <\/a><a href=\"https:\/\/business.facebook.com\/hashtag\/ehlilezzetizbiz?source=feed_text&amp;epa=HASHTAG&amp;__xts__%5B0%5D=68.ARB3BwCty2JDs80dQEyUCLiGpSewB9gX3XwAJ7aSGYhhIcghsvsGmfd8oZLkTiDA1mFBLgcC7Hy9oiR80jUoos7kjrSmvOWFL-OVJV7S9_Jv6swZhrRdHAT9EozK7Hep9xQkfDY7ffbKXl3XdHQAvGYZu4xTy7avhxPuGJ3klerLdPFoGsYMNb7Z4LnZQeQUxIDKK86WZR75PbAD6r7aE9zM2BSr13nXUSUjREzJ2rW0OarF3G1LHDdC6UfCWwwLUKGD-KqVmGq7QCy81b3kcUBg4hnsztF-OyQwI_kJho1RrpQm80PpFC9DA89sWckg0PMmiSX3R23FMJMg0PwtmF1C_lnAiWkbWvIjBg&amp;__tn__=%2ANK-R\">#ehlilezzetizbiz<\/a><a href=\"https:\/\/business.facebook.com\/hashtag\/gourmetdenews?source=feed_text&amp;epa=HASHTAG&amp;__xts__%5B0%5D=68.ARB3BwCty2JDs80dQEyUCLiGpSewB9gX3XwAJ7aSGYhhIcghsvsGmfd8oZLkTiDA1mFBLgcC7Hy9oiR80jUoos7kjrSmvOWFL-OVJV7S9_Jv6swZhrRdHAT9EozK7Hep9xQkfDY7ffbKXl3XdHQAvGYZu4xTy7avhxPuGJ3klerLdPFoGsYMNb7Z4LnZQeQUxIDKK86WZR75PbAD6r7aE9zM2BSr13nXUSUjREzJ2rW0OarF3G1LHDdC6UfCWwwLUKGD-KqVmGq7QCy81b3kcUBg4hnsztF-OyQwI_kJho1RrpQm80PpFC9DA89sWckg0PMmiSX3R23FMJMg0PwtmF1C_lnAiWkbWvIjBg&amp;__tn__=%2ANK-R\">#gourmetdenews<\/a>\u00a0<a href=\"https:\/\/business.facebook.com\/hashtag\/gurmenews?source=feed_text&amp;epa=HASHTAG&amp;__xts__%5B0%5D=68.ARB3BwCty2JDs80dQEyUCLiGpSewB9gX3XwAJ7aSGYhhIcghsvsGmfd8oZLkTiDA1mFBLgcC7Hy9oiR80jUoos7kjrSmvOWFL-OVJV7S9_Jv6swZhrRdHAT9EozK7Hep9xQkfDY7ffbKXl3XdHQAvGYZu4xTy7avhxPuGJ3klerLdPFoGsYMNb7Z4LnZQeQUxIDKK86WZR75PbAD6r7aE9zM2BSr13nXUSUjREzJ2rW0OarF3G1LHDdC6UfCWwwLUKGD-KqVmGq7QCy81b3kcUBg4hnsztF-OyQwI_kJho1RrpQm80PpFC9DA89sWckg0PMmiSX3R23FMJMg0PwtmF1C_lnAiWkbWvIjBg&amp;__tn__=%2ANK-R\">#gurmenews<\/a><a href=\"https:\/\/business.facebook.com\/hashtag\/eatwellbehappylovefood?source=feed_text&amp;epa=HASHTAG&amp;__xts__%5B0%5D=68.ARB3BwCty2JDs80dQEyUCLiGpSewB9gX3XwAJ7aSGYhhIcghsvsGmfd8oZLkTiDA1mFBLgcC7Hy9oiR80jUoos7kjrSmvOWFL-OVJV7S9_Jv6swZhrRdHAT9EozK7Hep9xQkfDY7ffbKXl3XdHQAvGYZu4xTy7avhxPuGJ3klerLdPFoGsYMNb7Z4LnZQeQUxIDKK86WZR75PbAD6r7aE9zM2BSr13nXUSUjREzJ2rW0OarF3G1LHDdC6UfCWwwLUKGD-KqVmGq7QCy81b3kcUBg4hnsztF-OyQwI_kJho1RrpQm80PpFC9DA89sWckg0PMmiSX3R23FMJMg0PwtmF1C_lnAiWkbWvIjBg&amp;__tn__=%2ANK-R\">#EatWellBeHappyLoveFood<\/a>\u00a0# PappaalPomodoro #italyanmutfa\u011f\u0131 # Domates #gelenekselyemekler #sa\u011fl\u0131kl\u0131tarifler<\/p>\n<div class=\"et_pb_slider et_pb_slider_fullwidth_off et_pb_gallery_post_type\">\n\t\t\t\t<div class=\"et_pb_slides\">\n\t\t\t\t\t<div class=\"et_pb_slide\" style=\"background: url(https:\/\/ehl-i-lezzetiz.biz\/wp-content\/uploads\/Francesco-Usulu-Papa-al-Pomodoro-6.jpg);\"><\/div><div class=\"et_pb_slide\" style=\"background: url(https:\/\/ehl-i-lezzetiz.biz\/wp-content\/uploads\/Francesco-Usulu-Papa-al-Pomodoro-3.jpg);\"><\/div><div class=\"et_pb_slide\" style=\"background: url(https:\/\/ehl-i-lezzetiz.biz\/wp-content\/uploads\/Francesco-Usulu-Papa-al-Pomodoro-13.jpg);\"><\/div><div class=\"et_pb_slide\" style=\"background: url(https:\/\/ehl-i-lezzetiz.biz\/wp-content\/uploads\/Francesco-Usulu-Papa-al-Pomodoro-2.jpg);\"><\/div><div class=\"et_pb_slide\" style=\"background: url(https:\/\/ehl-i-lezzetiz.biz\/wp-content\/uploads\/Francesco-Usulu-Papa-al-Pomodoro-7.jpg);\"><\/div><div class=\"et_pb_slide\" style=\"background: url(https:\/\/ehl-i-lezzetiz.biz\/wp-content\/uploads\/Francesco-Usulu-Papa-al-Pomodoro-11.jpg);\"><\/div><div class=\"et_pb_slide\" style=\"background: url(https:\/\/ehl-i-lezzetiz.biz\/wp-content\/uploads\/Francesco-Usulu-Papa-al-Pomodoro-10.jpg);\"><\/div><div class=\"et_pb_slide\" style=\"background: url(https:\/\/ehl-i-lezzetiz.biz\/wp-content\/uploads\/Francesco-Usulu-Papa-al-Pomodoro-4.jpg);\"><\/div><div class=\"et_pb_slide\" style=\"background: url(https:\/\/ehl-i-lezzetiz.biz\/wp-content\/uploads\/Francesco-Usulu-Papa-al-Pomodoro-12.jpg);\"><\/div><div class=\"et_pb_slide\" style=\"background: url(https:\/\/ehl-i-lezzetiz.biz\/wp-content\/uploads\/Francesco-Usulu-Papa-al-Pomodoro-8.jpg);\"><\/div><div class=\"et_pb_slide\" style=\"background: url(https:\/\/ehl-i-lezzetiz.biz\/wp-content\/uploads\/Yilmazin-Francesco-Rossi.jpg);\"><\/div><div class=\"et_pb_slide\" style=\"background: url(https:\/\/ehl-i-lezzetiz.biz\/wp-content\/uploads\/Francesco-Usulu-Papa-al-Pomodoro-14.jpg);\"><\/div><div class=\"et_pb_slide\" style=\"background: url(https:\/\/ehl-i-lezzetiz.biz\/wp-content\/uploads\/Francesco-Usulu-Papa-al-Pomodoro.jpg);\"><\/div><div class=\"et_pb_slide\" style=\"background: url(https:\/\/ehl-i-lezzetiz.biz\/wp-content\/uploads\/Francesco-Usulu-Papa-al-Pomodoro-5.jpg);\"><\/div><div class=\"et_pb_slide\" style=\"background: url(https:\/\/ehl-i-lezzetiz.biz\/wp-content\/uploads\/Francesco-Usulu-Papa-al-Pomodoro-9.jpg);\"><\/div>\n\t\t\t\t<\/div>\n\t\t\t<\/div>\n","protected":false},"excerpt":{"rendered":"<p>Merhaba, ben Francesco. Bug\u00fcn sizlerle, hem kalbime hem de Toskana&#8217;n\u0131n ye\u015fil tepelerine dokunan bir yeme\u011fi payla\u015faca\u011f\u0131m: Pappa al Pomodoro. Bu sade ama lezzet dolu yemek, benim \u00e7ocuklu\u011fumun ve Toskana&#8217;n\u0131n zengin mutfak k\u00fclt\u00fcr\u00fcn\u00fcn bir simgesi.<\/p>\n<p>Pappa al Pomodoro&#8217;nun Hikayesi<\/p>\n","protected":false},"author":10,"featured_media":26354,"comment_status":"closed","ping_status":"closed","sticky":false,"template":"","format":"standard","meta":{"_et_pb_use_builder":"","_et_pb_old_content":"","_et_gb_content_width":"","footnotes":""},"categories":[27,15,4,14,6,5,728,510],"tags":[3900,2761,3344,2851,3899,3903,2843,3905,3901,3904,3902,2849],"class_list":["post-26346","post","type-post","status-publish","format-standard","has-post-thumbnail","hentry","category-italya","category-lezzet-genelkultur","category-lezzet-gezileri","category-lezzet-atlasi","category-lezzet-ve-saglik","category-lezzet-uzerine","category-tarifler","category-recipes","tag-bayat-ekmek","tag-domates","tag-ehl-i-lezzetiz-biz","tag-feslegen","tag-francesco-usulu-papa-al-pomodoro","tag-geleneksel-corba","tag-italyan-mutfagi","tag-saglikli-yemekler","tag-sarimsak","tag-sebze-bazli","tag-toskana-yemegi","tag-zeytinyagi"],"_links":{"self":[{"href":"https:\/\/ehl-i-lezzetiz.biz\/index.php?rest_route=\/wp\/v2\/posts\/26346","targetHints":{"allow":["GET"]}}],"collection":[{"href":"https:\/\/ehl-i-lezzetiz.biz\/index.php?rest_route=\/wp\/v2\/posts"}],"about":[{"href":"https:\/\/ehl-i-lezzetiz.biz\/index.php?rest_route=\/wp\/v2\/types\/post"}],"author":[{"embeddable":true,"href":"https:\/\/ehl-i-lezzetiz.biz\/index.php?rest_route=\/wp\/v2\/users\/10"}],"replies":[{"embeddable":true,"href":"https:\/\/ehl-i-lezzetiz.biz\/index.php?rest_route=%2Fwp%2Fv2%2Fcomments&post=26346"}],"version-history":[{"count":4,"href":"https:\/\/ehl-i-lezzetiz.biz\/index.php?rest_route=\/wp\/v2\/posts\/26346\/revisions"}],"predecessor-version":[{"id":26568,"href":"https:\/\/ehl-i-lezzetiz.biz\/index.php?rest_route=\/wp\/v2\/posts\/26346\/revisions\/26568"}],"wp:featuredmedia":[{"embeddable":true,"href":"https:\/\/ehl-i-lezzetiz.biz\/index.php?rest_route=\/wp\/v2\/media\/26354"}],"wp:attachment":[{"href":"https:\/\/ehl-i-lezzetiz.biz\/index.php?rest_route=%2Fwp%2Fv2%2Fmedia&parent=26346"}],"wp:term":[{"taxonomy":"category","embeddable":true,"href":"https:\/\/ehl-i-lezzetiz.biz\/index.php?rest_route=%2Fwp%2Fv2%2Fcategories&post=26346"},{"taxonomy":"post_tag","embeddable":true,"href":"https:\/\/ehl-i-lezzetiz.biz\/index.php?rest_route=%2Fwp%2Fv2%2Ftags&post=26346"}],"curies":[{"name":"wp","href":"https:\/\/api.w.org\/{rel}","templated":true}]}}