{"id":26510,"date":"2024-05-09T15:25:20","date_gmt":"2024-05-09T14:25:20","guid":{"rendered":"https:\/\/ehl-i-lezzetiz.biz\/?p=26510"},"modified":"2024-05-09T19:48:11","modified_gmt":"2024-05-09T18:48:11","slug":"caprese-im-francesco-stil","status":"publish","type":"post","link":"https:\/\/ehl-i-lezzetiz.biz\/?p=26510&lang=de","title":{"rendered":"Caprese im Francesco-Stil"},"content":{"rendered":"<p style=\"font-weight: 400;\">Traditionelle Rezepte aus der italienischen K\u00fcche \u2013<\/p>\n<p style=\"font-weight: 400;\">Caprese im Francesco-Stil<\/p>\n<p style=\"font-weight: 400;\">Hallo, ich bin Francesco. Heute zeige ich euch ein Caprese-Gericht: Caprese. Ein einfaches, aber schmackhaftes Gericht, ein Symbol f\u00fcr die italienische Esskultur meiner Kindheit.<\/p>\n<p style=\"font-weight: 400;\">&#8220;Caprese-Salat hat seinen Ursprung auf der sonnigen und warmen italienischen Insel Capri. Historisch gesehen wurde dieser Salat im 20. Jahrhundert hergestellt. Es wird angenommen, dass es zu Beginn des Jahrhunderts entstanden ist. Den Geschichten zufolge wurde dieser einfache, aber k\u00f6stliche Salat mit der Absicht kreiert, die lokalen Produkte der Insel zu pr\u00e4sentieren. Cappese kombiniert die grundlegendsten Zutaten Italiens \u2013 Tomaten, Mozzarella und Basilikum.<\/p>\n<p style=\"font-weight: 400;\">Das leuchtende Rot der Tomate, das gr\u00fcne Basilikum Italiens und das reine Wei\u00df des Mozzarellas symbolisieren die Flagge des Landes. Diese Farben werden als Spiegelbild der italienischen K\u00fcche und Kultur angesehen. Caprese-Salat ist ein Fest der Einfachheit und Nat\u00fcrlichkeit; Die Frische und Qualit\u00e4t jeder Zutat bestimmt die Qualit\u00e4t dieses Gerichts.<\/p>\n<p style=\"font-weight: 400;\">Bei der Zubereitung von Caprese-Salat verwende ich immer die frischesten Zutaten. Reife Tomaten, ein Mozzarella von guter Qualit\u00e4t und frische Basilikumbl\u00e4tter, dazu etwas Oliven\u00f6l und Salz als Beilage. Die Qualit\u00e4t der Zutaten ist das Geheimnis dieses Gerichts. Bei der Zubereitung des Salats achte ich darauf, dass die nat\u00fcrliche Sch\u00f6nheit der Zutaten im Vordergrund steht.<\/p>\n<p style=\"font-weight: 400;\">Es erf\u00fcllt mich mit gro\u00dfem Stolz, diesen klassischen Geschmack Italiens als ein Gericht zu sehen, das von vielen Menschen auf der ganzen Welt geliebt und respektiert wird. Der Caprese-Salat repr\u00e4sentiert perfekt die Einfachheit und den Reichtum der italienischen K\u00fcche.&#8221;<\/p>\n<p style=\"font-weight: 400;\">Caprese Salat Rezept:<\/p>\n<p style=\"font-weight: 400;\"><strong>Zutaten:<\/strong><\/p>\n<p><a href=\"https:\/\/ehl-i-lezzetiz.biz\/?attachment_id=26426\" rel=\"attachment wp-att-26426\"><img loading=\"lazy\" decoding=\"async\" class=\"alignnone size-large wp-image-26426\" src=\"https:\/\/ehl-i-lezzetiz.biz\/wp-content\/uploads\/\/Francesco-Usulu-Papa-al-Pomodoro-1240x709.jpg\" alt=\"\" width=\"1080\" height=\"618\" srcset=\"https:\/\/ehl-i-lezzetiz.biz\/wp-content\/uploads\/Francesco-Usulu-Papa-al-Pomodoro-1240x709.jpg 1240w, https:\/\/ehl-i-lezzetiz.biz\/wp-content\/uploads\/Francesco-Usulu-Papa-al-Pomodoro-300x171.jpg 300w, https:\/\/ehl-i-lezzetiz.biz\/wp-content\/uploads\/Francesco-Usulu-Papa-al-Pomodoro-768x439.jpg 768w, https:\/\/ehl-i-lezzetiz.biz\/wp-content\/uploads\/Francesco-Usulu-Papa-al-Pomodoro-1080x617.jpg 1080w, https:\/\/ehl-i-lezzetiz.biz\/wp-content\/uploads\/Francesco-Usulu-Papa-al-Pomodoro-1280x732.jpg 1280w, https:\/\/ehl-i-lezzetiz.biz\/wp-content\/uploads\/Francesco-Usulu-Papa-al-Pomodoro-980x560.jpg 980w, https:\/\/ehl-i-lezzetiz.biz\/wp-content\/uploads\/Francesco-Usulu-Papa-al-Pomodoro-480x274.jpg 480w, https:\/\/ehl-i-lezzetiz.biz\/wp-content\/uploads\/Francesco-Usulu-Papa-al-Pomodoro.jpg 1440w\" sizes=\"auto, (max-width: 1080px) 100vw, 1080px\" \/><\/a><\/p>\n<ul>\n<li>Tomaten: 2 mittelgro\u00dfe (ca. 200 Gramm)<\/li>\n<li>Frischer Mozzarella: 1 gro\u00dfe Kugel (ca. 125 Gramm)<\/li>\n<li>Frische Basilikumbl\u00e4tter: 10-12 St\u00fcck<\/li>\n<li>Oliven\u00f6l: 2 Essl\u00f6ffel (ca. 30 ml)<\/li>\n<li>Salz: 1 Teel\u00f6ffel (ca. 5 Gramm)<\/li>\n<li>Frisch gemahlener schwarzer Pfeffer: optional<\/li>\n<\/ul>\n<p>&nbsp;<\/p>\n<p style=\"font-weight: 400;\"><strong>Yap\u0131l\u0131\u015f\u0131<\/strong>:<\/p>\n<ol>\n<li>Die Tomaten waschen und in Scheiben schneiden. Jede Scheibe ca. 0,5 cm dick schneiden.<\/li>\n<\/ol>\n<p><a href=\"https:\/\/ehl-i-lezzetiz.biz\/?attachment_id=26483\" rel=\"attachment wp-att-26483\"><img loading=\"lazy\" decoding=\"async\" class=\"alignnone size-full wp-image-26483\" src=\"https:\/\/ehl-i-lezzetiz.biz\/wp-content\/uploads\/Francesco-Usulu-Caprese-10.jpg\" alt=\"\" width=\"930\" height=\"930\" srcset=\"https:\/\/ehl-i-lezzetiz.biz\/wp-content\/uploads\/Francesco-Usulu-Caprese-10.jpg 930w, https:\/\/ehl-i-lezzetiz.biz\/wp-content\/uploads\/Francesco-Usulu-Caprese-10-480x480.jpg 480w\" sizes=\"auto, (min-width: 0px) and (max-width: 480px) 480px, (min-width: 481px) 930px, 100vw\" \/><\/a><\/p>\n<p>2. Den Mozzarella-K\u00e4se in \u00e4hnliche Dicken schneiden.<\/p>\n<p><a href=\"https:\/\/ehl-i-lezzetiz.biz\/?attachment_id=26471\" rel=\"attachment wp-att-26471\"><img loading=\"lazy\" decoding=\"async\" class=\"alignnone size-full wp-image-26471\" src=\"https:\/\/ehl-i-lezzetiz.biz\/wp-content\/uploads\/Francesco-Usulu-Caprese-8.jpg\" alt=\"\" width=\"930\" height=\"930\" srcset=\"https:\/\/ehl-i-lezzetiz.biz\/wp-content\/uploads\/Francesco-Usulu-Caprese-8.jpg 930w, https:\/\/ehl-i-lezzetiz.biz\/wp-content\/uploads\/Francesco-Usulu-Caprese-8-480x480.jpg 480w\" sizes=\"auto, (min-width: 0px) and (max-width: 480px) 480px, (min-width: 481px) 930px, 100vw\" \/><\/a><\/p>\n<p>3. Auf einem Teller in Form einer Tomatenscheibe anrichten, dann eine Scheibe Mozzarella. Wiederholen Sie diesen Vorgang, bis die Tomaten- und Mozzarellascheiben fertig sind.<\/p>\n<p><a href=\"https:\/\/ehl-i-lezzetiz.biz\/?attachment_id=26459\" rel=\"attachment wp-att-26459\"><img loading=\"lazy\" decoding=\"async\" class=\"alignnone size-full wp-image-26459\" src=\"https:\/\/ehl-i-lezzetiz.biz\/wp-content\/uploads\/Francesco-Usulu-Caprese-6.jpg\" alt=\"\" width=\"930\" height=\"930\" srcset=\"https:\/\/ehl-i-lezzetiz.biz\/wp-content\/uploads\/Francesco-Usulu-Caprese-6.jpg 930w, https:\/\/ehl-i-lezzetiz.biz\/wp-content\/uploads\/Francesco-Usulu-Caprese-6-480x480.jpg 480w\" sizes=\"auto, (min-width: 0px) and (max-width: 480px) 480px, (min-width: 481px) 930px, 100vw\" \/><\/a><\/p>\n<p>4. Streuen Sie frische Basilikumbl\u00e4tter auf den Salat, den Sie zubereitet haben.<\/p>\n<p><a href=\"https:\/\/ehl-i-lezzetiz.biz\/?attachment_id=26465\" rel=\"attachment wp-att-26465\"><img loading=\"lazy\" decoding=\"async\" class=\"alignnone size-full wp-image-26465\" src=\"https:\/\/ehl-i-lezzetiz.biz\/wp-content\/uploads\/Francesco-Usulu-Caprese-7.jpg\" alt=\"\" width=\"930\" height=\"930\" srcset=\"https:\/\/ehl-i-lezzetiz.biz\/wp-content\/uploads\/Francesco-Usulu-Caprese-7.jpg 930w, https:\/\/ehl-i-lezzetiz.biz\/wp-content\/uploads\/Francesco-Usulu-Caprese-7-480x480.jpg 480w\" sizes=\"auto, (min-width: 0px) and (max-width: 480px) 480px, (min-width: 481px) 930px, 100vw\" \/><\/a><\/p>\n<p>5. Oliven\u00f6l dar\u00fcber gie\u00dfen und mit Salz und Pfeffer w\u00fcrzen.<\/p>\n<p><a href=\"https:\/\/ehl-i-lezzetiz.biz\/?attachment_id=26435\" rel=\"attachment wp-att-26435\"><img loading=\"lazy\" decoding=\"async\" class=\"alignnone size-full wp-image-26435\" src=\"https:\/\/ehl-i-lezzetiz.biz\/wp-content\/uploads\/Francesco-Usulu-Caprese-2.jpg\" alt=\"\" width=\"930\" height=\"930\" srcset=\"https:\/\/ehl-i-lezzetiz.biz\/wp-content\/uploads\/Francesco-Usulu-Caprese-2.jpg 930w, https:\/\/ehl-i-lezzetiz.biz\/wp-content\/uploads\/Francesco-Usulu-Caprese-2-480x480.jpg 480w\" sizes=\"auto, (min-width: 0px) and (max-width: 480px) 480px, (min-width: 481px) 930px, 100vw\" \/><\/a><\/p>\n<p>6. Sofort servieren.<\/p>\n<p><a href=\"https:\/\/ehl-i-lezzetiz.biz\/?attachment_id=26447\" rel=\"attachment wp-att-26447\"><img loading=\"lazy\" decoding=\"async\" class=\"alignnone size-large wp-image-26447\" src=\"https:\/\/ehl-i-lezzetiz.biz\/wp-content\/uploads\/\/Francesco-Usulu-Caprese-4-1240x709.jpg\" alt=\"\" width=\"1080\" height=\"618\" srcset=\"https:\/\/ehl-i-lezzetiz.biz\/wp-content\/uploads\/Francesco-Usulu-Caprese-4-1240x709.jpg 1240w, https:\/\/ehl-i-lezzetiz.biz\/wp-content\/uploads\/Francesco-Usulu-Caprese-4-300x171.jpg 300w, https:\/\/ehl-i-lezzetiz.biz\/wp-content\/uploads\/Francesco-Usulu-Caprese-4-768x439.jpg 768w, https:\/\/ehl-i-lezzetiz.biz\/wp-content\/uploads\/Francesco-Usulu-Caprese-4-1080x617.jpg 1080w, https:\/\/ehl-i-lezzetiz.biz\/wp-content\/uploads\/Francesco-Usulu-Caprese-4-1280x732.jpg 1280w, https:\/\/ehl-i-lezzetiz.biz\/wp-content\/uploads\/Francesco-Usulu-Caprese-4-980x560.jpg 980w, https:\/\/ehl-i-lezzetiz.biz\/wp-content\/uploads\/Francesco-Usulu-Caprese-4-480x274.jpg 480w, https:\/\/ehl-i-lezzetiz.biz\/wp-content\/uploads\/Francesco-Usulu-Caprese-4.jpg 1440w\" sizes=\"auto, (max-width: 1080px) 100vw, 1080px\" \/><\/a><\/p>\n<p style=\"font-weight: 400;\">N\u00e4hrwertangaben: Vergleichen wir in diesem Abschnitt die N\u00e4hrwerte von Caprese-Salat f\u00fcr 100 Gramm und eine Portion (ca. 175 Gramm):<\/p>\n<table style=\"font-weight: 400;\">\n<tbody>\n<tr>\n<td width=\"199\">N\u00e4hrstoffe<\/td>\n<td width=\"192\">F\u00fcr 100 Gramm<\/td>\n<td width=\"192\">F\u00fcr 1 Portion (175g)<\/td>\n<\/tr>\n<tr>\n<td width=\"199\">Energie (kcal)<\/td>\n<td width=\"192\">150<\/td>\n<td width=\"192\">263<\/td>\n<\/tr>\n<tr>\n<td width=\"199\">Gesamtfett (g)<\/td>\n<td width=\"192\">11<\/td>\n<td width=\"192\">19<\/td>\n<\/tr>\n<tr>\n<td width=\"199\">Ges\u00e4ttigte Fetts\u00e4uren (g)<\/td>\n<td width=\"192\">4<\/td>\n<td width=\"192\">7<\/td>\n<\/tr>\n<tr>\n<td width=\"199\">Cholesterin (mg)<\/td>\n<td width=\"192\">20<\/td>\n<td width=\"192\">35<\/td>\n<\/tr>\n<tr>\n<td width=\"199\">Natrium (mg)<\/td>\n<td width=\"192\">180<\/td>\n<td width=\"192\">315<\/td>\n<\/tr>\n<tr>\n<td width=\"199\">Gesamtkohlenhydrate (g)<\/td>\n<td width=\"192\">3<\/td>\n<td width=\"192\">5<\/td>\n<\/tr>\n<tr>\n<td width=\"199\">Ballaststoffe (g)<\/td>\n<td width=\"192\">1<\/td>\n<td width=\"192\">1.75<\/td>\n<\/tr>\n<tr>\n<td width=\"199\">Zucker (g)<\/td>\n<td width=\"192\">2<\/td>\n<td width=\"192\">3.5<\/td>\n<\/tr>\n<tr>\n<td width=\"199\">Eiwei\u00df (g)<\/td>\n<td width=\"192\">8<\/td>\n<td width=\"192\">14<\/td>\n<\/tr>\n<\/tbody>\n<\/table>\n<p style=\"font-weight: 400;\">Hinweis: Diese Werte k\u00f6nnen je nach Marke und Art der verwendeten Materialien variieren. Die obige Tabelle kann als allgemeiner Leitfaden verwendet werden.<\/p>\n<p style=\"font-weight: 400;\">Caprese-Salat ist eine k\u00f6stliche und nahrhafte Option. Diese Tabelle wird Ihnen n\u00fctzlich sein, um die N\u00e4hrwerte des Salats visuell zu vergleichen.<\/p>\n<p style=\"font-weight: 400;\">Guten Appetit!<\/p>\n<p style=\"font-weight: 400;\">-Francesco<\/p>\n<p><a href=\"https:\/\/ehl-i-lezzetiz.biz\/?attachment_id=26312\" rel=\"attachment wp-att-26312\"><img loading=\"lazy\" decoding=\"async\" class=\"alignnone wp-image-26312\" src=\"https:\/\/ehl-i-lezzetiz.biz\/wp-content\/uploads\/Yilmazin-Francesco-Rossi.jpg\" alt=\"\" width=\"400\" height=\"400\"><\/a><\/p>\n<p style=\"font-weight: 400;\">Gut essen, gl\u00fccklich sein, Essen <a href=\"http:\/\/www.ehl-i-lezzetiz.biz\/?fbclid=IwAR27SzAHvtS4HKJAyAjtrAGZ3BVuljE3E5YSOORuFGZ0-5sCxmyMZqoJpG8\">lieben www.ehl-i-lezzetiz.biz<\/a> | <a href=\"https:\/\/l.facebook.com\/l.php?u=http%3A%2F%2Fwww.gourmet-de.news%2F%3Ffbclid%3DIwAR1Cd7rptqhoc-i29UwRC3j5r5sY_19QVmV-nJj08N-U5kRwGC9k20HvK0s&amp;h=AT2bzId-0MrsARD-IoRe-_F_SV8_h1uD9O7kAIPJTiMC5oGPExuC0uWveiyIPF0mUFFgNUg1TYoF1NBb6N-CR_pTJSWdRB1HYhGIm_BQh6UaorPYS8cjay05_TA2tGa4oc1oSEa7DL4eR1-L3jbDT6b8dwgNFwgMWB3YtmY2KKO91RZdVpEgNVjUUTnl8_VKUh93p54NVYPUdc0BegabLmUVcpTGMLLTW4dXLJHxRj9hWABlay9dwPu4y48d4xe7j3h4ZD8_nDvISi3u79-Lf6ErYwHmlxJZJn6tR0Xrm7jW2TpA67YDDcm5wZCtYdwx0B9H_Fw3pml781eax_CnDJ09w7yM-L6jJbtru0pvfsSHdGOz1kVYP-hPmA_UF5LTklmbbkkCU6YLzil1A3QJC5AjnwActU_YjQmfJra6s1ksM6MbGTJjFSTgEUcnG_fXP77SC9BGlbeQsJ0DBlFWz_EOvtRfuV3r-2oDDBdE0QZF23kPee_yWbj2JzeiwwXvSvyZCSySTrul4-GxtDNwfpY3G01IokffSRz7D8EXTXiZmVfQqDQQ3hF2gFMvEbRNDWI4WSyXffc2BRXbRyqa5saZp6Q3trBqMh7xlaYRs1kUNGgvU8A0vQq9BO_vWtG91LCXAp9-9Cmb2SSEjDawV8IfxYnkatmmKxzMJtJi_Q\">www.gourmet-de.news<\/a> | <a href=\"https:\/\/l.facebook.com\/l.php?u=http%3A%2F%2Fwww.gurme.news%2F%3Ffbclid%3DIwAR0vj_NLJI3lcAuIVR2UzvuvdZTK_LcsrDAu6lLiBxpM1qLyVfPbCNjqPdA&amp;h=AT2HDkjfqRWMlQdXnptWEDMqbwTrjvdiEsMdXdeBnLxfGjpHu5nhofKe45HkIXiZ6lKPiv3UlukS6MgcrfQ1hiPYRkP1_oBnE33b4fYw1y0lkawKS37Io9YhqzWlHQIbQt0EC4GUJV4k63u8GvXVWDNyqHyurwe6JM9rV9zmBSQReEUmTkAydJL-Spk0Sh3w9csTXyAfzFVATeR1osMSCEC5p08tZJ9lFm-G22IT9y321Pzx9_8VP5xoQapBHEbCSa-J8mY_7IoF2W7mTqWftqos8mq9a8EfeO34I4NlrFAcuQ1QLwYgdaclRfEPkAa2ZC_rXzciDmuZrktgZp5q_Ysc06ozCB74ZlmBRYA67NcG0dlk39d7R_EeAGR_qj31pNQMeFE6w_PELfG9zghN-EpMhLz7hhvWc0zk1lh2dBWUlOj-lekmkF5E-nSXTnS55nBFAE4ZOUZ0O2GVVwGrCvhIF1oypjQXOiFrN5t3n0ao6fhPczrGclqc9lYg1v3w6r_u2BPa0cyLRNATZWyXLYyw2uLpVfAsYfdIbk-8mfN0NaQf7yODbBDU42kXOga3-GBgL52-RYnDgHfm97R0VaBtV2rFZWO7iY10Ke5s37_QCr5BlgP3TSSQnUfj3rIZnDeGR7sHFJbpRm362tDfE6zGp7mlaHVZgl3SrRo2UQ\">www.gourmet.news<\/a><\/p>\n<p style=\"font-weight: 400;\"><a href=\"https:\/\/business.facebook.com\/hashtag\/ehlilezzetizbiz?source=feed_text&amp;epa=HASHTAG&amp;__xts__%5B0%5D=68.ARB3BwCty2JDs80dQEyUCLiGpSewB9gX3XwAJ7aSGYhhIcghsvsGmfd8oZLkTiDA1mFBLgcC7Hy9oiR80jUoos7kjrSmvOWFL-OVJV7S9_Jv6swZhrRdHAT9EozK7Hep9xQkfDY7ffbKXl3XdHQAvGYZu4xTy7avhxPuGJ3klerLdPFoGsYMNb7Z4LnZQeQUxIDKK86WZR75PbAD6r7aE9zM2BSr13nXUSUjREzJ2rW0OarF3G1LHDdC6UfCWwwLUKGD-KqVmGq7QCy81b3kcUBg4hnsztF-OyQwI_kJho1RrpQm80PpFC9DA89sWckg0PMmiSX3R23FMJMg0PwtmF1C_lnAiWkbWvIjBg&amp;__tn__=%2ANK-R\">#ehlilezzetizbiz<\/a> <a href=\"https:\/\/business.facebook.com\/hashtag\/gourmetdenews?source=feed_text&amp;epa=HASHTAG&amp;__xts__%5B0%5D=68.ARB3BwCty2JDs80dQEyUCLiGpSewB9gX3XwAJ7aSGYhhIcghsvsGmfd8oZLkTiDA1mFBLgcC7Hy9oiR80jUoos7kjrSmvOWFL-OVJV7S9_Jv6swZhrRdHAT9EozK7Hep9xQkfDY7ffbKXl3XdHQAvGYZu4xTy7avhxPuGJ3klerLdPFoGsYMNb7Z4LnZQeQUxIDKK86WZR75PbAD6r7aE9zM2BSr13nXUSUjREzJ2rW0OarF3G1LHDdC6UfCWwwLUKGD-KqVmGq7QCy81b3kcUBg4hnsztF-OyQwI_kJho1RrpQm80PpFC9DA89sWckg0PMmiSX3R23FMJMg0PwtmF1C_lnAiWkbWvIjBg&amp;__tn__=%2ANK-R\">#gourmetdenews<\/a> <a href=\"https:\/\/business.facebook.com\/hashtag\/gurmenews?source=feed_text&amp;epa=HASHTAG&amp;__xts__%5B0%5D=68.ARB3BwCty2JDs80dQEyUCLiGpSewB9gX3XwAJ7aSGYhhIcghsvsGmfd8oZLkTiDA1mFBLgcC7Hy9oiR80jUoos7kjrSmvOWFL-OVJV7S9_Jv6swZhrRdHAT9EozK7Hep9xQkfDY7ffbKXl3XdHQAvGYZu4xTy7avhxPuGJ3klerLdPFoGsYMNb7Z4LnZQeQUxIDKK86WZR75PbAD6r7aE9zM2BSr13nXUSUjREzJ2rW0OarF3G1LHDdC6UfCWwwLUKGD-KqVmGq7QCy81b3kcUBg4hnsztF-OyQwI_kJho1RrpQm80PpFC9DA89sWckg0PMmiSX3R23FMJMg0PwtmF1C_lnAiWkbWvIjBg&amp;__tn__=%2ANK-R\">#gurmenews<\/a><a href=\"https:\/\/business.facebook.com\/hashtag\/eatwellbehappylovefood?source=feed_text&amp;epa=HASHTAG&amp;__xts__%5B0%5D=68.ARB3BwCty2JDs80dQEyUCLiGpSewB9gX3XwAJ7aSGYhhIcghsvsGmfd8oZLkTiDA1mFBLgcC7Hy9oiR80jUoos7kjrSmvOWFL-OVJV7S9_Jv6swZhrRdHAT9EozK7Hep9xQkfDY7ffbKXl3XdHQAvGYZu4xTy7avhxPuGJ3klerLdPFoGsYMNb7Z4LnZQeQUxIDKK86WZR75PbAD6r7aE9zM2BSr13nXUSUjREzJ2rW0OarF3G1LHDdC6UfCWwwLUKGD-KqVmGq7QCy81b3kcUBg4hnsztF-OyQwI_kJho1RrpQm80PpFC9DA89sWckg0PMmiSX3R23FMJMg0PwtmF1C_lnAiWkbWvIjBg&amp;__tn__=%2ANK-R\">#EatWellBeHappyLoveFood<\/a> #italyanmutfa\u011f\u0131 #Capresesalatasi #CapriAdas\u0131 #Domates,<\/p>\n<p style=\"font-weight: 400;\">#MozzarellaPeyniri #TazeFesle\u011fen #Zeytinyag\u0131 #AkdenizYeme\u011fi #Vejetaryen #Do\u011falLezzetler #\u0130talyanBayra\u011f\u0131Renkleri #GelenekselYemek<\/p>\n<p>&nbsp;<\/p>\n<p style=\"font-weight: 400;\">Schl\u00fcsselw\u00f6rter Italienische K\u00fcche, Insel Capri, Tomate, Mozzarella, frisches Basilikum-Oliven\u00f6l, mediterrane K\u00fcche, vegetarisch, nat\u00fcrliche Aromen, Farben der italienischen Flagge, traditionelles Essen<\/p>\n","protected":false},"excerpt":{"rendered":"<p>Traditionelle Rezepte aus der italienischen K\u00fcche \u2013<\/p>\n<p>Caprese im Francesco-Stil<br \/>\nHallo, ich bin Francesco. Heute zeige ich euch ein Caprese-Gericht: Caprese. Ein einfaches, aber schmackhaftes Gericht, ein Symbol f\u00fcr die italienische Esskultur meiner Kindheit.<\/p>\n","protected":false},"author":7,"featured_media":26499,"comment_status":"closed","ping_status":"closed","sticky":false,"template":"","format":"standard","meta":{"_et_pb_use_builder":"","_et_pb_old_content":"","_et_gb_content_width":"","footnotes":""},"categories":[780,978,830,770,768,810,769,818,806,790,3451],"tags":[3890,3886,3884,2870,3887,3885,3889,2783,3891,3888],"class_list":["post-26510","post","type-post","status-publish","format-standard","has-post-thumbnail","hentry","category-feinschmecker","category-gurme-news-de","category-italien","category-kostlichkeiten-landkarte","category-kulinarische-reisen","category-lebensmittel-nachrichten","category-restaurant-besuche","category-rezepte-de","category-rezepte","category-uber-kulinar","category-vegetarische-mahlzeiten","tag-farben-der-italienischen-flagge","tag-frisches-basilikum-olivenol","tag-insel-capri","tag-italienische-kuche","tag-mediterrane-kuche","tag-mozzarella-kase","tag-naturliche-aromen","tag-tomate","tag-traditionelles-essen","tag-vegetarier"],"_links":{"self":[{"href":"https:\/\/ehl-i-lezzetiz.biz\/index.php?rest_route=\/wp\/v2\/posts\/26510","targetHints":{"allow":["GET"]}}],"collection":[{"href":"https:\/\/ehl-i-lezzetiz.biz\/index.php?rest_route=\/wp\/v2\/posts"}],"about":[{"href":"https:\/\/ehl-i-lezzetiz.biz\/index.php?rest_route=\/wp\/v2\/types\/post"}],"author":[{"embeddable":true,"href":"https:\/\/ehl-i-lezzetiz.biz\/index.php?rest_route=\/wp\/v2\/users\/7"}],"replies":[{"embeddable":true,"href":"https:\/\/ehl-i-lezzetiz.biz\/index.php?rest_route=%2Fwp%2Fv2%2Fcomments&post=26510"}],"version-history":[{"count":2,"href":"https:\/\/ehl-i-lezzetiz.biz\/index.php?rest_route=\/wp\/v2\/posts\/26510\/revisions"}],"predecessor-version":[{"id":26668,"href":"https:\/\/ehl-i-lezzetiz.biz\/index.php?rest_route=\/wp\/v2\/posts\/26510\/revisions\/26668"}],"wp:featuredmedia":[{"embeddable":true,"href":"https:\/\/ehl-i-lezzetiz.biz\/index.php?rest_route=\/wp\/v2\/media\/26499"}],"wp:attachment":[{"href":"https:\/\/ehl-i-lezzetiz.biz\/index.php?rest_route=%2Fwp%2Fv2%2Fmedia&parent=26510"}],"wp:term":[{"taxonomy":"category","embeddable":true,"href":"https:\/\/ehl-i-lezzetiz.biz\/index.php?rest_route=%2Fwp%2Fv2%2Fcategories&post=26510"},{"taxonomy":"post_tag","embeddable":true,"href":"https:\/\/ehl-i-lezzetiz.biz\/index.php?rest_route=%2Fwp%2Fv2%2Ftags&post=26510"}],"curies":[{"name":"wp","href":"https:\/\/api.w.org\/{rel}","templated":true}]}}