{"id":3887,"date":"2011-12-14T20:07:59","date_gmt":"2011-12-14T19:07:59","guid":{"rendered":"http:\/\/www.ehl-i-lezzetiz.biz\/?p=3887"},"modified":"2022-10-24T17:56:17","modified_gmt":"2022-10-24T16:56:17","slug":"agb-und-organisation-der-wirsindfeinschmecker-eu-seite","status":"publish","type":"post","link":"https:\/\/ehl-i-lezzetiz.biz\/?p=3887","title":{"rendered":"Genel y\u00f6netim \u015eartlar\u0131 ve Ehl-ilezzetiz.biz sayfas\u0131 organizasyonu"},"content":{"rendered":"<div>\n<p><span lang=\"TR\">Genel y\u00f6netim \u015eartlar\u0131 ve Ehl-ilezzetiz.biz sayfas\u0131 organizasyonu:<\/span><\/p>\n<\/div>\n<div>\n<p><span lang=\"TR\">\u00b7\u00a0\u00a0\u00a0\u00a0\u00a0 Yaz\u0131lar yazara ait olmal\u0131 yada i\u00e7erisindeki al\u0131nt\u0131larda kesinlikle kaynak belirtilmelidir. Yaz\u0131n\u0131n yada Foto\u011fraflar\u0131n kullan\u0131lmas\u0131 yazar taraf\u0131ndan ara\u015ft\u0131r\u0131l\u0131p m\u00fcsaadesi al\u0131nmas\u0131 gereken bir sorumluluktur Yazar ve Ehl-i-lezzet sayfas\u0131 aras\u0131ndaki bu anla\u015fmaya dayanarak Ehl-i-lezzet herhangi bir Kurum yada Kurulu\u015ftan gelecek su\u00e7lamalar\u0131 kabul etmeyecektir.<\/span><\/p>\n<\/div>\n<div>\n<p><span lang=\"TR\">\u00b7\u00a0\u00a0\u00a0\u00a0\u00a0 Mekan tan\u0131t\u0131mlar\u0131nda mutlaka Mek\u00e2n\u0131n ve lezzetlerin g\u00fczel resimleri eklenmelidir<\/span><\/p>\n<\/div>\n<div>\n<p><span lang=\"TR\">\u00b7\u00a0\u00a0\u00a0\u00a0\u00a0 Mekan Tan\u0131t\u0131mlar\u0131nda ilk ama\u00e7 g\u00fczel lezzetleri Ehl-i-lezzet takip\u00e7ilerine tan\u0131tmakt\u0131r e\u011fer mekan tan\u0131t\u0131m\u0131nda reklam \u00f6n plandaysa bunun yaz\u0131da mutlaka belirtilmesi gerekmektedir.<\/span><\/p>\n<\/div>\n<div>\n<p><span lang=\"TR\">\u00b7\u00a0\u00a0\u00a0\u00a0\u00a0 Yazarlar:<\/span><\/p>\n<\/div>\n<div>\n<p><span lang=\"TR\">o\u00a0\u00a0 Lezzet gezileri Basl\u0131\u011f\u0131 alt\u0131nda Restoran gezilerini ve \u015fehir tan\u0131t\u0131mlar\u0131n\u0131<\/span><\/p>\n<\/div>\n<div>\n<p><span lang=\"TR\">o\u00a0\u00a0 Lezzet \u00fczerine b\u00f6l\u00fcm\u00fcnde Lezzet ve Sa\u011fl\u0131k, \u00fcnl\u00fclerle sohbetler , yeni kitap tan\u0131t\u0131mlar\u0131 gibi konularda yaz\u0131lar\u0131n\u0131 yazabilecekleri gibi<\/span><\/p>\n<\/div>\n<div>\n<p><span lang=\"TR\">o\u00a0\u00a0 Tarifler b\u00f6l\u00fcm\u00fcnde ise be\u011fendikleri Tariflerini Ehl-i-lezzet Takip\u00e7ileriyle payla\u015fabilirler.<\/span><\/p>\n<\/div>\n<div>\n<p><span lang=\"TR\">\u00b7\u00a0\u00a0\u00a0\u00a0\u00a0 Ehl-i-lezzet yazarl\u0131\u011f\u0131 zevkle yap\u0131lan bir g\u00f6n\u00fcl isidir. Yazarlar ailenin bir par\u00e7as\u0131d\u0131r Yazarlar yaz\u0131lar\u0131n\u0131n ne kadar ki\u015fiye ula\u015f\u0131p ba\u015far\u0131lar\u0131n\u0131 yaz\u0131lar\u0131n\u0131n okunma say\u0131s\u0131ndan takip edebilirler.<\/span><\/p>\n<\/div>\n<div>\n<p><span lang=\"TR\">\u00b7\u00a0\u00a0\u00a0\u00a0\u00a0 Yazar\u0131n Ayr\u0131lmas\u0131 durumunda yaz\u0131lar\u0131 kendi ismiyle Ehl-i-lezzet sayfas\u0131nda kalacak ama zamanla ayr\u0131lan yazar\u0131 takip eden say\u0131s\u0131 azald\u0131\u011f\u0131 i\u00e7in yaz\u0131lar arka plana d\u00fc\u015fecektir.<\/span><\/p>\n<\/div>\n<div>\n<p><span lang=\"TR\">\u00b7\u00a0\u00a0\u00a0\u00a0\u00a0 Ehl-i-lezzet sayfas\u0131nda Politik ve Dini Tart\u0131\u015fmalara yol a\u00e7acak yaz\u0131lara ihtiya\u00e7 yoktur.<\/span><\/p>\n<\/div>\n<div>\n<p><span lang=\"TR\">\u00a0<\/span><\/p>\n<\/div>\n<div>\n<p><span lang=\"TR\">\u00b7\u00a0\u00a0\u00a0\u00a0\u00a0 Ehl-i-lezzette Yazarl\u0131k a\u015fa\u011f\u0131daki \u015fekilde organize edilmi\u015ftir zaman i\u00e7erisinde yazarlar aktiviteleri ve yaz\u0131lar\u0131n\u0131n ba\u015far\u0131lar\u0131yla Publisher yani Yay\u0131nc\u0131 seviyesine kadar y\u00fckselebilirler:<\/span><\/p>\n<\/div>\n<div>\n<p><span lang=\"TR\">o\u00a0\u00a0 Misafir yazar<\/span><\/p>\n<\/div>\n<div>\n<p><span lang=\"TR\">Daha \u00e7ok Kendi bloklar\u0131 yada ba\u015fka Gazete, Mecmua gibi kanallarda yaz\u0131lar\u0131 yay\u0131nlanan ki\u015filer i\u00e7in uygundur. Genelde yaz\u0131lar birka\u00e7 seferlik yada \u00f6zel durumlarla ba\u011flant\u0131l\u0131d\u0131r<\/span><\/p>\n<\/div>\n<div>\n<p><span lang=\"TR\">o\u00a0\u00a0 Author \/ Yazar<\/span><\/p>\n<\/div>\n<div>\n<p><span lang=\"TR\">Ehl-i-lezzet i\u00e7in yaz\u0131lar haz\u0131rlar. Bunlar\u0131 resimler ile beraber Yay\u0131nc\u0131ya ula\u015ft\u0131r\u0131r.<\/span><\/p>\n<\/div>\n<div>\n<p><span lang=\"TR\">o\u00a0\u00a0 Editor \/ Edit\u00f6r<\/span><\/p>\n<\/div>\n<div>\n<p><span lang=\"TR\">Genelde Yazarla ayni haklara sahiptir bununla beraber Gelen yaz\u0131lar\u0131 Ehl-i-lezzet kurallar\u0131 \u00e7er\u00e7evesi i\u00e7erisinde yay\u0131na haz\u0131rlar.<\/span><\/p>\n<\/div>\n<div>\n<p><span lang=\"TR\">o\u00a0\u00a0 Publisher \/ Yay\u0131nc\u0131<\/span><\/p>\n<\/div>\n<div>\n<p><span lang=\"TR\">Edit\u00f6r taraf\u0131ndan onaylanm\u0131\u015f yaz\u0131lar\u0131 yay\u0131nlar<\/span><\/p>\n<\/div>\n<div>\n<p><span lang=\"TR\">o\u00a0\u00a0 Admin \/ Y\u00f6netim<\/span><\/p>\n<\/div>\n<div>\n<p><span lang=\"TR\">Bu sorumluk Sayfa sahibinin y\u00f6netimindedir.<\/span><\/p>\n<\/div>\n<div>\n<p><span lang=\"TR\">\u00a0<\/span><\/p>\n<\/div>\n<div>\n<p><span lang=\"TR\">\u00a0<\/span><\/p>\n<\/div>\n<div>\n<p><span lang=\"TR\">\u00a0<\/span><\/p>\n<\/div>\n<div>\n<p><span lang=\"TR\">Misafir yazar, Author \/ Yazar, Editor \/ Edit\u00f6r, Publisher \/ Yay\u0131nc\u0131, Admin \/ Y\u00f6netim<\/span><\/p>\n<\/div>\n<div>\n<p><span lang=\"TR\">\u00a0<\/span><\/p>\n<\/div>\n","protected":false},"excerpt":{"rendered":"<p>Genel y\u00f6netim \u015eartlar\u0131 ve Ehl-ilezzetiz.biz sayfas\u0131 organizasyonu:<\/p>\n<p>\u00b7\u00a0\u00a0\u00a0\u00a0\u00a0 Yaz\u0131lar yazara ait olmal\u0131 yada i\u00e7erisindeki al\u0131nt\u0131larda kesinlikle kaynak belirtilmelidir. Yaz\u0131n\u0131n yada Foto\u011fraflar\u0131n kullan\u0131lmas\u0131 yazar taraf\u0131ndan ara\u015ft\u0131r\u0131l\u0131p m\u00fcsaadesi al\u0131nmas\u0131 gereken bir sorumluluktur Yazar ve Ehl-i-lezzet sayfas\u0131 aras\u0131ndaki bu anla\u015fmaya dayanarak Ehl-i-lezzet herhangi bir Kurum yada Kurulu\u015ftan gelecek su\u00e7lamalar\u0131 kabul etmeyecektir.<\/p>\n","protected":false},"author":8,"featured_media":6197,"comment_status":"open","ping_status":"closed","sticky":false,"template":"","format":"standard","meta":{"_et_pb_use_builder":"","_et_pb_old_content":"","_et_gb_content_width":"","footnotes":""},"categories":[11,3],"tags":[304,305],"class_list":["post-3887","post","type-post","status-publish","format-standard","has-post-thumbnail","hentry","category-unsere-feinschmecker-blogger","category-ehl-i-lezzet","tag-agb","tag-organisation-der-wirsindfeinschmecker-seite"],"_links":{"self":[{"href":"https:\/\/ehl-i-lezzetiz.biz\/index.php?rest_route=\/wp\/v2\/posts\/3887","targetHints":{"allow":["GET"]}}],"collection":[{"href":"https:\/\/ehl-i-lezzetiz.biz\/index.php?rest_route=\/wp\/v2\/posts"}],"about":[{"href":"https:\/\/ehl-i-lezzetiz.biz\/index.php?rest_route=\/wp\/v2\/types\/post"}],"author":[{"embeddable":true,"href":"https:\/\/ehl-i-lezzetiz.biz\/index.php?rest_route=\/wp\/v2\/users\/8"}],"replies":[{"embeddable":true,"href":"https:\/\/ehl-i-lezzetiz.biz\/index.php?rest_route=%2Fwp%2Fv2%2Fcomments&post=3887"}],"version-history":[{"count":17,"href":"https:\/\/ehl-i-lezzetiz.biz\/index.php?rest_route=\/wp\/v2\/posts\/3887\/revisions"}],"predecessor-version":[{"id":22012,"href":"https:\/\/ehl-i-lezzetiz.biz\/index.php?rest_route=\/wp\/v2\/posts\/3887\/revisions\/22012"}],"wp:featuredmedia":[{"embeddable":true,"href":"https:\/\/ehl-i-lezzetiz.biz\/index.php?rest_route=\/wp\/v2\/media\/6197"}],"wp:attachment":[{"href":"https:\/\/ehl-i-lezzetiz.biz\/index.php?rest_route=%2Fwp%2Fv2%2Fmedia&parent=3887"}],"wp:term":[{"taxonomy":"category","embeddable":true,"href":"https:\/\/ehl-i-lezzetiz.biz\/index.php?rest_route=%2Fwp%2Fv2%2Fcategories&post=3887"},{"taxonomy":"post_tag","embeddable":true,"href":"https:\/\/ehl-i-lezzetiz.biz\/index.php?rest_route=%2Fwp%2Fv2%2Ftags&post=3887"}],"curies":[{"name":"wp","href":"https:\/\/api.w.org\/{rel}","templated":true}]}}