{"id":6199,"date":"2017-04-02T11:31:05","date_gmt":"2017-04-02T10:31:05","guid":{"rendered":"http:\/\/www.ehl-i-lezzetiz.biz\/?p=6199"},"modified":"2022-10-22T22:21:37","modified_gmt":"2022-10-22T21:21:37","slug":"neue-domain-und-logos","status":"publish","type":"post","link":"https:\/\/ehl-i-lezzetiz.biz\/?p=6199","title":{"rendered":"Yeni Domain ve Logolar\u0131m\u0131z"},"content":{"rendered":"<p>[et_pb_section fb_built=&#8221;1&#8243; _builder_version=&#8221;4.16&#8243; global_colors_info=&#8221;{}&#8221;][et_pb_row _builder_version=&#8221;4.16&#8243; background_size=&#8221;initial&#8221; background_position=&#8221;top_left&#8221; background_repeat=&#8221;repeat&#8221; global_colors_info=&#8221;{}&#8221;][et_pb_column type=&#8221;4_4&#8243; _builder_version=&#8221;4.16&#8243; custom_padding=&#8221;|||&#8221; global_colors_info=&#8221;{}&#8221; custom_padding__hover=&#8221;|||&#8221;][et_pb_text _builder_version=&#8221;4.16&#8243; background_size=&#8221;initial&#8221; background_position=&#8221;top_left&#8221; background_repeat=&#8221;repeat&#8221; global_colors_info=&#8221;{}&#8221;]Sizlerle daha evvel yeni Ehl-i Lezzetiz.biz logomu payla\u015fm\u0131\u015ft\u0131m. \u015eimdide ikinci bir geli\u015fmeyi sizlerle payla\u015fmak istiyorum. Bildi\u011finiz gibi Ehl-i Lezzetiz.biz Sayfam T\u00fcrk\u00e7e ve Almanca Olmak \u00fczere iki dil \u00fczerinden sizlere hizmet veriyor. sayfan\u0131n kurulusundan bu g\u00fcne iki dil \u00fczerinden hat\u0131r\u0131 say\u0131l\u0131r bir takip\u00e7i say\u0131s\u0131na ula\u015ft\u0131m ama tatbiki her Blog gibi benim Blogumunda amac\u0131 Takip\u00e7i say\u0131s\u0131n\u0131 artt\u0131rabilmek. Bu konu \u00fczerinde yapt\u0131\u011f\u0131m ara\u015ft\u0131rmalarda daha fazla dilde hizmet vermenin takip\u00e7i say\u0131s\u0131n\u0131 artt\u0131rabilecek en \u00f6nemli fakt\u00f6rlerden biri oldu\u011fu ortaya \u00e7\u0131kt\u0131. Bu y\u00fczden sayfan\u0131n T\u00fcrk\u00e7e , Almanca n\u0131n yan\u0131nda \u0130ngilizce , Frans\u0131zca ve \u0130talyanca hizmet verebilmesi i\u00e7in altyap\u0131 \u00e7al\u0131\u015fmalar\u0131n\u0131 tamamlad\u0131m<\/p>\n<p>&nbsp;<\/p>\n<p>\u00c7ok Dilde hizmet konusunda En b\u00fcy\u00fck sorun sayfan\u0131n ismi konusundayd\u0131 Ehl-ilezzetiz.biz T\u00fcrk\u00e7e sayfa temas\u0131na \u00e7ok uygun bir isim. \u00a0Almaca sayfada ismi bire bir Almancaya \u00e7evirip kullanm\u0131\u015ft\u0131m \u201ewirsindfeinschmecker.eu\u201c ama Almanca isme logo \u00e7al\u0131\u015fmas\u0131 yapmam\u0131\u015ft\u0131m. Zaten ortaya kullan\u0131\u015fl\u0131 bir sonu\u00e7ta \u00e7\u0131kmazd\u0131. Hele simdi birde isim konusunu 5 dilde \u00e7\u00f6z\u00fcp logoyla da tamamlamay\u0131 d\u00fc\u015f\u00fcn\u00fcn.<\/p>\n<p>O y\u00fczden isim olarak birbirlerine benzeyen ayni logoyla kullan\u0131labilecek bir \u00e7\u00f6z\u00fcm bulmal\u0131yd\u0131m.<\/p>\n<p>&nbsp;<\/p>\n<p>\u00c7\u00f6z\u00fcm\u00fc \u015fu \u015fekilde ger\u00e7ekle\u015ftirdim \u201eisim\u201c-dil kodu.news<\/p>\n<p>&nbsp;<\/p>\n<p><a href=\"http:\/\/gurme-tr.news\/?lang=tr\">\u201eGurme-tr.news\u201c<\/a><\/p>\n<p><a href=\"http:\/\/gourmet-de.news\/?lang=de\">\u201eGourmet-de.news\u201c<\/a><\/p>\n<p><a href=\"http:\/\/gourmet-en.news\/?lang=en\">\u201eGourmet-en.news\u201c<\/a><\/p>\n<p><a href=\"http:\/\/gourmet-fr.news\/?lang=fr\">\u201eGourmet-fr.news\u201c<\/a><\/p>\n<p><a href=\"http:\/\/gourmet-it.news\/?lang=it\">\u201eGourmet-it.news\u201c<\/a><\/p>\n<p>&nbsp;<\/p>\n<p>Domainler yukar\u0131da g\u00f6r\u00fcnd\u00fc\u011f\u00fc gibi kullan\u0131ma haz\u0131r son olarak ta dillerde ortak kullan\u0131lacak Logo \u00e7al\u0131\u015fmam\u0131 tamamlatt\u0131m Sa\u011f olsun Grafik Ajans\u0131ndan arkada\u015flar \u00e7ok g\u00fczel bir sonu\u00e7 ortaya \u00e7\u0131kard\u0131lar. S\u0131rada sadece yaz\u0131lar\u0131n di\u011fer \u00fc\u00e7 dile \u00e7evrilmesi kald\u0131. Onu da yava\u015f yava\u015f tamlayaca\u011f\u0131m.<\/p>\n<p>&nbsp;<br \/>\n[\/et_pb_text][\/et_pb_column][\/et_pb_row][\/et_pb_section]<\/p>\n","protected":false},"excerpt":{"rendered":"<p>Sizlerle daha evvel yeni Ehl-i Lezzetiz.biz logomu payla\u015fm\u0131\u015ft\u0131m. \u015eimdide ikinci bir geli\u015fmeyi sizlerle payla\u015fmak istiyorum.[:]<\/p>\n","protected":false},"author":8,"featured_media":6204,"comment_status":"open","ping_status":"closed","sticky":false,"template":"","format":"standard","meta":{"_et_pb_use_builder":"on","_et_pb_old_content":"<p>Sizlerle daha evvel yeni Ehl-i Lezzetiz.biz logomu payla\u015fm\u0131\u015ft\u0131m. \u015eimdide ikinci bir geli\u015fmeyi sizlerle payla\u015fmak istiyorum. Bildi\u011finiz gibi Ehl-i Lezzetiz.biz Sayfam T\u00fcrk\u00e7e ve Almanca Olmak \u00fczere iki dil \u00fczerinden sizlere hizmet veriyor. sayfan\u0131n kurulusundan bu g\u00fcne iki dil \u00fczerinden hat\u0131r\u0131 say\u0131l\u0131r bir takip\u00e7i say\u0131s\u0131na ula\u015ft\u0131m ama tatbiki her Blog gibi benim Blogumunda amac\u0131 Takip\u00e7i say\u0131s\u0131n\u0131 artt\u0131rabilmek. Bu konu \u00fczerinde yapt\u0131\u011f\u0131m ara\u015ft\u0131rmalarda daha fazla dilde hizmet vermenin takip\u00e7i say\u0131s\u0131n\u0131 artt\u0131rabilecek en \u00f6nemli fakt\u00f6rlerden biri oldu\u011fu ortaya \u00e7\u0131kt\u0131. Bu y\u00fczden sayfan\u0131n T\u00fcrk\u00e7e , Almanca n\u0131n yan\u0131nda \u0130ngilizce , Frans\u0131zca ve \u0130talyanca hizmet verebilmesi i\u00e7in altyap\u0131 \u00e7al\u0131\u015fmalar\u0131n\u0131 tamamlad\u0131m<\/p><p>\u00a0<\/p><p>\u00c7ok Dilde hizmet konusunda En b\u00fcy\u00fck sorun sayfan\u0131n ismi konusundayd\u0131 Ehl-ilezzetiz.biz T\u00fcrk\u00e7e sayfa temas\u0131na \u00e7ok uygun bir isim. \u00a0Almaca sayfada ismi bire bir Almancaya \u00e7evirip kullanm\u0131\u015ft\u0131m \u201ewirsindfeinschmecker.eu\u201c ama Almanca isme logo \u00e7al\u0131\u015fmas\u0131 yapmam\u0131\u015ft\u0131m. Zaten ortaya kullan\u0131\u015fl\u0131 bir sonu\u00e7ta \u00e7\u0131kmazd\u0131. Hele simdi birde isim konusunu 5 dilde \u00e7\u00f6z\u00fcp logoyla da tamamlamay\u0131 d\u00fc\u015f\u00fcn\u00fcn.<\/p><p>O y\u00fczden isim olarak birbirlerine benzeyen ayni logoyla kullan\u0131labilecek bir \u00e7\u00f6z\u00fcm bulmal\u0131yd\u0131m.<\/p><p>\u00a0<\/p><p>\u00c7\u00f6z\u00fcm\u00fc \u015fu \u015fekilde ger\u00e7ekle\u015ftirdim \u201eisim\u201c-dil kodu.news<\/p><p>\u00a0<\/p><p><a href=\"http:\/\/gurme-tr.news\/?lang=tr\">\u201eGurme-tr.news\u201c<\/a><\/p><p><a href=\"http:\/\/gourmet-de.news\/?lang=de\">\u201eGourmet-de.news\u201c<\/a><\/p><p><a href=\"http:\/\/gourmet-en.news\/?lang=en\">\u201eGourmet-en.news\u201c<\/a><\/p><p><a href=\"http:\/\/gourmet-fr.news\/?lang=fr\">\u201eGourmet-fr.news\u201c<\/a><\/p><p><a href=\"http:\/\/gourmet-it.news\/?lang=it\">\u201eGourmet-it.news\u201c<\/a><\/p><p>\u00a0<\/p><p>Domainler yukar\u0131da g\u00f6r\u00fcnd\u00fc\u011f\u00fc gibi kullan\u0131ma haz\u0131r son olarak ta dillerde ortak kullan\u0131lacak Logo \u00e7al\u0131\u015fmam\u0131 tamamlatt\u0131m Sa\u011f olsun Grafik Ajans\u0131ndan arkada\u015flar \u00e7ok g\u00fczel bir sonu\u00e7 ortaya \u00e7\u0131kard\u0131lar. S\u0131rada sadece yaz\u0131lar\u0131n di\u011fer \u00fc\u00e7 dile \u00e7evrilmesi kald\u0131. Onu da yava\u015f yava\u015f tamlayaca\u011f\u0131m.<\/p><p>\u00a0<\/p>","_et_gb_content_width":"","footnotes":""},"categories":[155,509],"tags":[591,587,588,589,590,586],"class_list":["post-6199","post","type-post","status-publish","format-standard","has-post-thumbnail","hentry","category-uber-mich","category-food-news","tag-ehl-ilezzet-sayfamiz-5-dilde-hizmet-vericek","tag-gourmet-de-news","tag-gourmet-en-news","tag-gourmet-fr-news","tag-gourmet-it-news","tag-gurme-tr-news"],"_links":{"self":[{"href":"https:\/\/ehl-i-lezzetiz.biz\/index.php?rest_route=\/wp\/v2\/posts\/6199","targetHints":{"allow":["GET"]}}],"collection":[{"href":"https:\/\/ehl-i-lezzetiz.biz\/index.php?rest_route=\/wp\/v2\/posts"}],"about":[{"href":"https:\/\/ehl-i-lezzetiz.biz\/index.php?rest_route=\/wp\/v2\/types\/post"}],"author":[{"embeddable":true,"href":"https:\/\/ehl-i-lezzetiz.biz\/index.php?rest_route=\/wp\/v2\/users\/8"}],"replies":[{"embeddable":true,"href":"https:\/\/ehl-i-lezzetiz.biz\/index.php?rest_route=%2Fwp%2Fv2%2Fcomments&post=6199"}],"version-history":[{"count":10,"href":"https:\/\/ehl-i-lezzetiz.biz\/index.php?rest_route=\/wp\/v2\/posts\/6199\/revisions"}],"predecessor-version":[{"id":21650,"href":"https:\/\/ehl-i-lezzetiz.biz\/index.php?rest_route=\/wp\/v2\/posts\/6199\/revisions\/21650"}],"wp:featuredmedia":[{"embeddable":true,"href":"https:\/\/ehl-i-lezzetiz.biz\/index.php?rest_route=\/wp\/v2\/media\/6204"}],"wp:attachment":[{"href":"https:\/\/ehl-i-lezzetiz.biz\/index.php?rest_route=%2Fwp%2Fv2%2Fmedia&parent=6199"}],"wp:term":[{"taxonomy":"category","embeddable":true,"href":"https:\/\/ehl-i-lezzetiz.biz\/index.php?rest_route=%2Fwp%2Fv2%2Fcategories&post=6199"},{"taxonomy":"post_tag","embeddable":true,"href":"https:\/\/ehl-i-lezzetiz.biz\/index.php?rest_route=%2Fwp%2Fv2%2Ftags&post=6199"}],"curies":[{"name":"wp","href":"https:\/\/api.w.org\/{rel}","templated":true}]}}