{"id":7068,"date":"2019-06-16T14:35:34","date_gmt":"2019-06-16T13:35:34","guid":{"rendered":"http:\/\/www.ehl-i-lezzetiz.biz\/?p=7068"},"modified":"2022-10-20T17:59:56","modified_gmt":"2022-10-20T16:59:56","slug":"restaurant-bluemlismatt","status":"publish","type":"post","link":"https:\/\/ehl-i-lezzetiz.biz\/?p=7068","title":{"rendered":"Restoran Bl\u00fcemlismatt"},"content":{"rendered":"<p>[et_pb_section fb_built=&#8221;1&#8243; _builder_version=&#8221;4.18.0&#8243; hover_enabled=&#8221;0&#8243; global_colors_info=&#8221;{}&#8221; background_color=&#8221;#160b00&#8243; sticky_enabled=&#8221;0&#8243;][et_pb_row _builder_version=&#8221;4.18.0&#8243; background_size=&#8221;initial&#8221; background_position=&#8221;top_left&#8221; background_repeat=&#8221;repeat&#8221; hover_enabled=&#8221;0&#8243; global_colors_info=&#8221;{}&#8221; background_color=&#8221;#160b00&#8243; sticky_enabled=&#8221;0&#8243;][et_pb_column type=&#8221;4_4&#8243; _builder_version=&#8221;4.16&#8243; custom_padding=&#8221;|||&#8221; global_colors_info=&#8221;{}&#8221; custom_padding__hover=&#8221;|||&#8221;][et_pb_text _builder_version=&#8221;4.18.0&#8243; background_size=&#8221;initial&#8221; background_position=&#8221;top_left&#8221; background_repeat=&#8221;repeat&#8221; hover_enabled=&#8221;0&#8243; global_colors_info=&#8221;{}&#8221; sticky_enabled=&#8221;0&#8243;]<\/p>\n<p>Restoran Bl\u00fcemlismatt egerkingen`in yukarisinda Deniz \u00fczerinde y\u00fcksekli\u011fi 814 metrede kurulu bir da\u011f restoran\u0131.<br \/>\nAma geneldeki da\u011f restoranlar\u0131 havas\u0131nda bir ambiyansta de\u011fil kendinizi bir Gurme restorandan hissediyorsunuz.<\/p>\n<p><a href=\"https:\/\/ehl-i-lezzetiz.biz\/?attachment_id=7062\" rel=\"attachment wp-att-7062\"><br \/>\n<\/a><img loading=\"lazy\" decoding=\"async\" class=\"size-large wp-image-7062 aligncenter\" src=\"https:\/\/ehl-i-lezzetiz.biz\/wp-content\/uploads\/Restaurant-Bl\u00fcemlismatt_-15-1024x683.jpg\" alt=\"\" width=\"1024\" height=\"683\" srcset=\"https:\/\/ehl-i-lezzetiz.biz\/wp-content\/uploads\/Restaurant-Bl\u00fcemlismatt_-15-1024x683.jpg 1024w, https:\/\/ehl-i-lezzetiz.biz\/wp-content\/uploads\/Restaurant-Bl\u00fcemlismatt_-15-300x200.jpg 300w, https:\/\/ehl-i-lezzetiz.biz\/wp-content\/uploads\/Restaurant-Bl\u00fcemlismatt_-15-768x512.jpg 768w, https:\/\/ehl-i-lezzetiz.biz\/wp-content\/uploads\/Restaurant-Bl\u00fcemlismatt_-15-750x500.jpg 750w, https:\/\/ehl-i-lezzetiz.biz\/wp-content\/uploads\/Restaurant-Bl\u00fcemlismatt_-15.jpg 1240w\" sizes=\"auto, (max-width: 1024px) 100vw, 1024px\" \/> <a href=\"https:\/\/ehl-i-lezzetiz.biz\/?p=7068\"><img loading=\"lazy\" decoding=\"async\" class=\"size-large wp-image-7051 aligncenter\" src=\"https:\/\/ehl-i-lezzetiz.biz\/wp-content\/uploads\/Restaurant-Bl\u00fcemlismatt_-4-1024x683.jpg\" alt=\"\" width=\"1024\" height=\"683\" srcset=\"https:\/\/ehl-i-lezzetiz.biz\/wp-content\/uploads\/Restaurant-Bl\u00fcemlismatt_-4-1024x683.jpg 1024w, https:\/\/ehl-i-lezzetiz.biz\/wp-content\/uploads\/Restaurant-Bl\u00fcemlismatt_-4-300x200.jpg 300w, https:\/\/ehl-i-lezzetiz.biz\/wp-content\/uploads\/Restaurant-Bl\u00fcemlismatt_-4-768x512.jpg 768w, https:\/\/ehl-i-lezzetiz.biz\/wp-content\/uploads\/Restaurant-Bl\u00fcemlismatt_-4-750x500.jpg 750w, https:\/\/ehl-i-lezzetiz.biz\/wp-content\/uploads\/Restaurant-Bl\u00fcemlismatt_-4.jpg 1240w\" sizes=\"auto, (max-width: 1024px) 100vw, 1024px\" \/><\/a><\/p>\n<p>Restoran y\u00f6netimi Markus studer ve ekibi kesinlikle cana yak\u0131n tipler. Restoran civardaki dekorasyonlar ve bitki \u00e7e\u015fitlili\u011fi \u00e7ok d\u00fczenli bir \u015fekilde haz\u0131rlanm\u0131\u015f (Bir usta elinden planlan\u0131p, sevgi ile uyguland\u0131\u011f\u0131 belli)<\/p>\n<p><a href=\"https:\/\/ehl-i-lezzetiz.biz\/?p=7068\"><img loading=\"lazy\" decoding=\"async\" class=\"size-large wp-image-7049 aligncenter\" src=\"https:\/\/ehl-i-lezzetiz.biz\/wp-content\/uploads\/Restaurant-Bl\u00fcemlismatt_-2-1024x683.jpg\" alt=\"\" width=\"1024\" height=\"683\" srcset=\"https:\/\/ehl-i-lezzetiz.biz\/wp-content\/uploads\/Restaurant-Bl\u00fcemlismatt_-2-1024x683.jpg 1024w, https:\/\/ehl-i-lezzetiz.biz\/wp-content\/uploads\/Restaurant-Bl\u00fcemlismatt_-2-300x200.jpg 300w, https:\/\/ehl-i-lezzetiz.biz\/wp-content\/uploads\/Restaurant-Bl\u00fcemlismatt_-2-768x512.jpg 768w, https:\/\/ehl-i-lezzetiz.biz\/wp-content\/uploads\/Restaurant-Bl\u00fcemlismatt_-2-750x500.jpg 750w, https:\/\/ehl-i-lezzetiz.biz\/wp-content\/uploads\/Restaurant-Bl\u00fcemlismatt_-2.jpg 1240w\" sizes=\"auto, (max-width: 1024px) 100vw, 1024px\" \/><\/a><\/p>\n<p>Bl\u00fcmlismatt ta g\u00fczel g\u00fcnlerde terasta yemek yiyebilirsiniz ya da bizim yapt\u0131\u011f\u0131m\u0131z gibi aperatiflerinizi terasta al\u0131p yeme\u011finizi rahatl\u0131kla i\u00e7eride de yiyebilirsiniz bunun yan\u0131nda Bl\u00fcmlismatt ta k\u00fc\u00e7\u00fck guruplar i\u00e7in kiralanabilecek kul\u00fcbeler de mevcut, buralarda arkada\u015flar\u0131n\u0131zla beraber raklet yada di\u011fer yemeklerin keyfini \u00e7\u0131karabilirsiniz.<\/p>\n<p><a href=\"https:\/\/ehl-i-lezzetiz.biz\/?p=7068\"><img loading=\"lazy\" decoding=\"async\" class=\"size-large wp-image-7052 aligncenter\" src=\"https:\/\/ehl-i-lezzetiz.biz\/wp-content\/uploads\/Restaurant-Bl\u00fcemlismatt_-5-1024x683.jpg\" alt=\"\" width=\"1024\" height=\"683\" srcset=\"https:\/\/ehl-i-lezzetiz.biz\/wp-content\/uploads\/Restaurant-Bl\u00fcemlismatt_-5-1024x683.jpg 1024w, https:\/\/ehl-i-lezzetiz.biz\/wp-content\/uploads\/Restaurant-Bl\u00fcemlismatt_-5-300x200.jpg 300w, https:\/\/ehl-i-lezzetiz.biz\/wp-content\/uploads\/Restaurant-Bl\u00fcemlismatt_-5-768x512.jpg 768w, https:\/\/ehl-i-lezzetiz.biz\/wp-content\/uploads\/Restaurant-Bl\u00fcemlismatt_-5-750x500.jpg 750w, https:\/\/ehl-i-lezzetiz.biz\/wp-content\/uploads\/Restaurant-Bl\u00fcemlismatt_-5.jpg 1240w\" sizes=\"auto, (max-width: 1024px) 100vw, 1024px\" \/><\/a><\/p>\n<p>Aperatiflerimizi al\u0131rken Manzaran\u0131n tad\u0131n\u0131 \u00e7\u0131kard\u0131k ama g\u00fcne\u015f uzakla\u015fmaya ba\u015flay\u0131nca r\u00fczg\u00e2rda sertle\u015fti. Daha sonra yeme\u011fimiz i\u00e7in i\u00e7eri masam\u0131za ge\u00e7tik. Arka tarafta galiba binaya daha sonradan eklenmi\u015f K\u0131\u015f bah\u00e7esindeki yerimiz rahatt\u0131.<\/p>\n<p><a href=\"https:\/\/ehl-i-lezzetiz.biz\/?p=7068\"><img loading=\"lazy\" decoding=\"async\" class=\"size-large wp-image-7055 aligncenter\" src=\"https:\/\/ehl-i-lezzetiz.biz\/wp-content\/uploads\/Restaurant-Bl\u00fcemlismatt_-8-1024x683.jpg\" alt=\"\" width=\"1024\" height=\"683\" srcset=\"https:\/\/ehl-i-lezzetiz.biz\/wp-content\/uploads\/Restaurant-Bl\u00fcemlismatt_-8-1024x683.jpg 1024w, https:\/\/ehl-i-lezzetiz.biz\/wp-content\/uploads\/Restaurant-Bl\u00fcemlismatt_-8-300x200.jpg 300w, https:\/\/ehl-i-lezzetiz.biz\/wp-content\/uploads\/Restaurant-Bl\u00fcemlismatt_-8-768x512.jpg 768w, https:\/\/ehl-i-lezzetiz.biz\/wp-content\/uploads\/Restaurant-Bl\u00fcemlismatt_-8-750x500.jpg 750w, https:\/\/ehl-i-lezzetiz.biz\/wp-content\/uploads\/Restaurant-Bl\u00fcemlismatt_-8.jpg 1240w\" sizes=\"auto, (max-width: 1024px) 100vw, 1024px\" \/><\/a><a href=\"https:\/\/ehl-i-lezzetiz.biz\/?attachment_id=7055\" rel=\"attachment wp-att-7055\"><br \/>\n<\/a><a href=\"https:\/\/ehl-i-lezzetiz.biz\/?attachment_id=7055\" rel=\"attachment wp-att-7055\"><br \/>\n<\/a><\/p>\n<p>Aperolar\u0131m\u0131z\u0131 al\u0131rken hepimiz yemekte neler yiyece\u011fimizi se\u00e7mi\u015ftik daha sonra yava\u015ftan yemeklerimizde gelmeye ba\u015flad\u0131lar.<\/p>\n<p><a href=\"https:\/\/ehl-i-lezzetiz.biz\/?p=7068\"><img loading=\"lazy\" decoding=\"async\" class=\"size-large wp-image-7059 aligncenter\" src=\"https:\/\/ehl-i-lezzetiz.biz\/wp-content\/uploads\/Restaurant-Bl\u00fcemlismatt_-12-1024x683.jpg\" alt=\"\" width=\"1024\" height=\"683\" srcset=\"https:\/\/ehl-i-lezzetiz.biz\/wp-content\/uploads\/Restaurant-Bl\u00fcemlismatt_-12-1024x683.jpg 1024w, https:\/\/ehl-i-lezzetiz.biz\/wp-content\/uploads\/Restaurant-Bl\u00fcemlismatt_-12-300x200.jpg 300w, https:\/\/ehl-i-lezzetiz.biz\/wp-content\/uploads\/Restaurant-Bl\u00fcemlismatt_-12-768x512.jpg 768w, https:\/\/ehl-i-lezzetiz.biz\/wp-content\/uploads\/Restaurant-Bl\u00fcemlismatt_-12-750x500.jpg 750w, https:\/\/ehl-i-lezzetiz.biz\/wp-content\/uploads\/Restaurant-Bl\u00fcemlismatt_-12.jpg 1240w\" sizes=\"auto, (max-width: 1024px) 100vw, 1024px\" \/><\/a><\/p>\n<p>Vecih ve ben ba\u015flang\u0131ca \u00e7orba s\u00f6yledik k\u0131zarm\u0131\u015f baharatl\u0131 ekmek par\u00e7ac\u0131klar\u0131 ile s\u00fcslenmi\u015f Kremal\u0131 Kabak \u00e7orbas\u0131 ve zencefilli Kremal\u0131 Havu\u00e7 \u00e7orbas\u0131. \u0130kisinde birbirinden harikayd\u0131. Banim i\u00e7in \u00e7orba yeme\u011fin anahtar\u0131 onsuz olmuyor.<\/p>\n<p><a href=\"https:\/\/ehl-i-lezzetiz.biz\/?p=7068\"><img loading=\"lazy\" decoding=\"async\" class=\"size-large wp-image-7056 aligncenter\" src=\"https:\/\/ehl-i-lezzetiz.biz\/wp-content\/uploads\/Restaurant-Bl\u00fcemlismatt_-9-1024x683.jpg\" alt=\"\" width=\"1024\" height=\"683\" srcset=\"https:\/\/ehl-i-lezzetiz.biz\/wp-content\/uploads\/Restaurant-Bl\u00fcemlismatt_-9-1024x683.jpg 1024w, https:\/\/ehl-i-lezzetiz.biz\/wp-content\/uploads\/Restaurant-Bl\u00fcemlismatt_-9-300x200.jpg 300w, https:\/\/ehl-i-lezzetiz.biz\/wp-content\/uploads\/Restaurant-Bl\u00fcemlismatt_-9-768x512.jpg 768w, https:\/\/ehl-i-lezzetiz.biz\/wp-content\/uploads\/Restaurant-Bl\u00fcemlismatt_-9-750x500.jpg 750w, https:\/\/ehl-i-lezzetiz.biz\/wp-content\/uploads\/Restaurant-Bl\u00fcemlismatt_-9.jpg 1240w\" sizes=\"auto, (max-width: 1024px) 100vw, 1024px\" \/><\/a><\/p>\n<p>Daha sonra salatalar\u0131m\u0131zla devam ettik. Bunu daha \u00f6ncede yazm\u0131\u015ft\u0131m restoran\u0131n \u00e7orba ve salataya verdi\u011fi \u00f6zen asl\u0131nda mek\u00e2n\u0131n kalitesinin g\u00f6stergesidir \u00e7orba ve salatalar\u0131m\u0131zda, g\u00f6r\u00fcnt\u00fcde lezzete harika idi. Benim salata versiyonumda \u00fczerinde hafif k\u0131zart\u0131lm\u0131\u015f k\u00fc\u00e7\u00fck mantarlar vard\u0131 ben mantar\u0131 \u00e7ok sevdi\u011fim i\u00e7in kalite benim i\u00e7in bir puan artm\u0131\u015f oldu.<\/p>\n<p>&nbsp;<\/p>\n<p><a href=\"https:\/\/ehl-i-lezzetiz.biz\/?p=7068\"><img loading=\"lazy\" decoding=\"async\" class=\"size-large wp-image-7058 aligncenter\" src=\"https:\/\/ehl-i-lezzetiz.biz\/wp-content\/uploads\/Restaurant-Bl\u00fcemlismatt_-11-1024x683.jpg\" alt=\"\" width=\"1024\" height=\"683\" srcset=\"https:\/\/ehl-i-lezzetiz.biz\/wp-content\/uploads\/Restaurant-Bl\u00fcemlismatt_-11-1024x683.jpg 1024w, https:\/\/ehl-i-lezzetiz.biz\/wp-content\/uploads\/Restaurant-Bl\u00fcemlismatt_-11-300x200.jpg 300w, https:\/\/ehl-i-lezzetiz.biz\/wp-content\/uploads\/Restaurant-Bl\u00fcemlismatt_-11-768x512.jpg 768w, https:\/\/ehl-i-lezzetiz.biz\/wp-content\/uploads\/Restaurant-Bl\u00fcemlismatt_-11-750x500.jpg 750w, https:\/\/ehl-i-lezzetiz.biz\/wp-content\/uploads\/Restaurant-Bl\u00fcemlismatt_-11.jpg 1240w\" sizes=\"auto, (max-width: 1024px) 100vw, 1024px\" \/><\/a><a href=\"https:\/\/ehl-i-lezzetiz.biz\/?p=7068\"><img loading=\"lazy\" decoding=\"async\" class=\"size-large wp-image-7060 aligncenter\" src=\"https:\/\/ehl-i-lezzetiz.biz\/wp-content\/uploads\/Restaurant-Bl\u00fcemlismatt_-13-1024x683.jpg\" alt=\"\" width=\"1024\" height=\"683\" srcset=\"https:\/\/ehl-i-lezzetiz.biz\/wp-content\/uploads\/Restaurant-Bl\u00fcemlismatt_-13-1024x683.jpg 1024w, https:\/\/ehl-i-lezzetiz.biz\/wp-content\/uploads\/Restaurant-Bl\u00fcemlismatt_-13-300x200.jpg 300w, https:\/\/ehl-i-lezzetiz.biz\/wp-content\/uploads\/Restaurant-Bl\u00fcemlismatt_-13-768x512.jpg 768w, https:\/\/ehl-i-lezzetiz.biz\/wp-content\/uploads\/Restaurant-Bl\u00fcemlismatt_-13-750x500.jpg 750w, https:\/\/ehl-i-lezzetiz.biz\/wp-content\/uploads\/Restaurant-Bl\u00fcemlismatt_-13.jpg 1240w\" sizes=\"auto, (max-width: 1024px) 100vw, 1024px\" \/><\/a><\/p>\n<p>Daha sonra ana yeme\u011fimiz yani etlerimiz geldi ben ve vecih Kuzu s\u0131rt Lokum di\u011fer arkada\u015flar ise S\u0131\u011f\u0131r antrkot (T\u00fcrkiye\u2019deki s\u00f6yleyi\u015fe g\u00f6re S\u0131\u011f\u0131r File) \u0131smarlad\u0131lar yan\u0131nda biraz sebzesi iste\u011fe g\u00f6re Patates k\u0131zartmas\u0131 yada makarnas\u0131 ile mantar yata\u011f\u0131nda servis edilen pembe pismi\u015f etlerimiz bir harikayd\u0131. Kuzu s\u0131rt lokumlar\u0131n \u00fczerinde k\u0131t\u0131r bir baharat kar\u0131\u015f\u0131mda lezzeti artt\u0131r\u0131yordu.<br \/>\nG\u00f6r\u00fcnt\u00fcs\u00fc ve lezzeti harika men\u00fclerimizi zevle bitirdik.<\/p>\n<p>&nbsp;<\/p>\n<p>&nbsp;<\/p>\n<p>&nbsp;<\/p>\n<p>&nbsp;<\/p>\n<p><a href=\"https:\/\/ehl-i-lezzetiz.biz\/?attachment_id=7061\" rel=\"attachment wp-att-7061\"><img loading=\"lazy\" decoding=\"async\" class=\"size-large wp-image-7061 aligncenter\" src=\"https:\/\/ehl-i-lezzetiz.biz\/wp-content\/uploads\/Restaurant-Bl\u00fcemlismatt_-14-1024x683.jpg\" alt=\"\" width=\"1024\" height=\"683\" srcset=\"https:\/\/ehl-i-lezzetiz.biz\/wp-content\/uploads\/Restaurant-Bl\u00fcemlismatt_-14-1024x683.jpg 1024w, https:\/\/ehl-i-lezzetiz.biz\/wp-content\/uploads\/Restaurant-Bl\u00fcemlismatt_-14-300x200.jpg 300w, https:\/\/ehl-i-lezzetiz.biz\/wp-content\/uploads\/Restaurant-Bl\u00fcemlismatt_-14-768x512.jpg 768w, https:\/\/ehl-i-lezzetiz.biz\/wp-content\/uploads\/Restaurant-Bl\u00fcemlismatt_-14-750x500.jpg 750w, https:\/\/ehl-i-lezzetiz.biz\/wp-content\/uploads\/Restaurant-Bl\u00fcemlismatt_-14.jpg 1240w\" sizes=\"auto, (max-width: 1024px) 100vw, 1024px\" \/> <\/a><\/p>\n<p><a href=\"https:\/\/ehl-i-lezzetiz.biz\/?attachment_id=7061\" rel=\"attachment wp-att-7061\"><img loading=\"lazy\" decoding=\"async\" class=\"size-large wp-image-7062 aligncenter\" src=\"https:\/\/ehl-i-lezzetiz.biz\/wp-content\/uploads\/Restaurant-Bl\u00fcemlismatt_-15-1024x683.jpg\" alt=\"\" width=\"1024\" height=\"683\" srcset=\"https:\/\/ehl-i-lezzetiz.biz\/wp-content\/uploads\/Restaurant-Bl\u00fcemlismatt_-15-1024x683.jpg 1024w, https:\/\/ehl-i-lezzetiz.biz\/wp-content\/uploads\/Restaurant-Bl\u00fcemlismatt_-15-300x200.jpg 300w, https:\/\/ehl-i-lezzetiz.biz\/wp-content\/uploads\/Restaurant-Bl\u00fcemlismatt_-15-768x512.jpg 768w, https:\/\/ehl-i-lezzetiz.biz\/wp-content\/uploads\/Restaurant-Bl\u00fcemlismatt_-15-750x500.jpg 750w, https:\/\/ehl-i-lezzetiz.biz\/wp-content\/uploads\/Restaurant-Bl\u00fcemlismatt_-15.jpg 1240w\" sizes=\"auto, (max-width: 1024px) 100vw, 1024px\" \/> <\/a><\/p>\n<p><a href=\"https:\/\/ehl-i-lezzetiz.biz\/?p=7068\"><img loading=\"lazy\" decoding=\"async\" class=\"size-large wp-image-7063 aligncenter\" src=\"https:\/\/ehl-i-lezzetiz.biz\/wp-content\/uploads\/Restaurant-Bl\u00fcemlismatt_-16-1024x683.jpg\" alt=\"\" width=\"1024\" height=\"683\" srcset=\"https:\/\/ehl-i-lezzetiz.biz\/wp-content\/uploads\/Restaurant-Bl\u00fcemlismatt_-16-1024x683.jpg 1024w, https:\/\/ehl-i-lezzetiz.biz\/wp-content\/uploads\/Restaurant-Bl\u00fcemlismatt_-16-300x200.jpg 300w, https:\/\/ehl-i-lezzetiz.biz\/wp-content\/uploads\/Restaurant-Bl\u00fcemlismatt_-16-768x512.jpg 768w, https:\/\/ehl-i-lezzetiz.biz\/wp-content\/uploads\/Restaurant-Bl\u00fcemlismatt_-16-750x500.jpg 750w, https:\/\/ehl-i-lezzetiz.biz\/wp-content\/uploads\/Restaurant-Bl\u00fcemlismatt_-16.jpg 1240w\" sizes=\"auto, (max-width: 1024px) 100vw, 1024px\" \/><\/a><a href=\"https:\/\/ehl-i-lezzetiz.biz\/?attachment_id=7061\" rel=\"attachment wp-att-7061\"><br \/>\n<\/a> <a href=\"https:\/\/ehl-i-lezzetiz.biz\/?attachment_id=7062\" rel=\"attachment wp-att-7062\"><br \/>\n<\/a><\/p>\n<p>En son tatl\u0131lar\u0131m\u0131za ge\u00e7tik Meyval\u0131 Tirami-su, \u00fczeri karamel yak\u0131lm\u0131\u015f krema ve mek\u00e2n\u0131n \u00f6zel tatl\u0131s\u0131 olan \u00e7ikolata merkezli kek tatl\u0131lar\u0131m\u0131z aksam\u0131 lezzetinin art\u0131rarak kapatmam\u0131za yard\u0131mc\u0131 oldular. Arkada\u015flar ak\u015fam\u0131m\u0131z\u0131 tatl\u0131n\u0131n \u00fczerine birer \u0130talyan limoncello ile kapatt\u0131lar.<\/p>\n<p>&nbsp;<\/p>\n<p><a href=\"https:\/\/ehl-i-lezzetiz.biz\/?attachment_id=7064\" rel=\"attachment wp-att-7064\"><br \/>\n<\/a> <a href=\"https:\/\/ehl-i-lezzetiz.biz\/?attachment_id=7065\" rel=\"attachment wp-att-7065\"><img loading=\"lazy\" decoding=\"async\" class=\"size-large wp-image-7064 aligncenter\" src=\"https:\/\/ehl-i-lezzetiz.biz\/wp-content\/uploads\/Restaurant-Bl\u00fcemlismatt_-17-1024x683.jpg\" alt=\"\" width=\"1024\" height=\"683\" srcset=\"https:\/\/ehl-i-lezzetiz.biz\/wp-content\/uploads\/Restaurant-Bl\u00fcemlismatt_-17-1024x683.jpg 1024w, https:\/\/ehl-i-lezzetiz.biz\/wp-content\/uploads\/Restaurant-Bl\u00fcemlismatt_-17-300x200.jpg 300w, https:\/\/ehl-i-lezzetiz.biz\/wp-content\/uploads\/Restaurant-Bl\u00fcemlismatt_-17-768x512.jpg 768w, https:\/\/ehl-i-lezzetiz.biz\/wp-content\/uploads\/Restaurant-Bl\u00fcemlismatt_-17-750x500.jpg 750w, https:\/\/ehl-i-lezzetiz.biz\/wp-content\/uploads\/Restaurant-Bl\u00fcemlismatt_-17.jpg 1240w\" sizes=\"auto, (max-width: 1024px) 100vw, 1024px\" \/> <\/a><\/p>\n<p><a href=\"https:\/\/ehl-i-lezzetiz.biz\/?attachment_id=7065\" rel=\"attachment wp-att-7065\"><img loading=\"lazy\" decoding=\"async\" class=\"size-large wp-image-7065 aligncenter\" src=\"https:\/\/ehl-i-lezzetiz.biz\/wp-content\/uploads\/Restaurant-Bl\u00fcemlismatt_-18-1024x683.jpg\" alt=\"\" width=\"1024\" height=\"683\" srcset=\"https:\/\/ehl-i-lezzetiz.biz\/wp-content\/uploads\/Restaurant-Bl\u00fcemlismatt_-18-1024x683.jpg 1024w, https:\/\/ehl-i-lezzetiz.biz\/wp-content\/uploads\/Restaurant-Bl\u00fcemlismatt_-18-300x200.jpg 300w, https:\/\/ehl-i-lezzetiz.biz\/wp-content\/uploads\/Restaurant-Bl\u00fcemlismatt_-18-768x512.jpg 768w, https:\/\/ehl-i-lezzetiz.biz\/wp-content\/uploads\/Restaurant-Bl\u00fcemlismatt_-18-750x500.jpg 750w, https:\/\/ehl-i-lezzetiz.biz\/wp-content\/uploads\/Restaurant-Bl\u00fcemlismatt_-18.jpg 1240w\" sizes=\"auto, (max-width: 1024px) 100vw, 1024px\" \/> <\/a><a href=\"https:\/\/ehl-i-lezzetiz.biz\/?p=7068\"><img loading=\"lazy\" decoding=\"async\" class=\"size-large wp-image-7066 aligncenter\" src=\"https:\/\/ehl-i-lezzetiz.biz\/wp-content\/uploads\/Restaurant-Bl\u00fcemlismatt_-19-1024x683.jpg\" alt=\"\" width=\"1024\" height=\"683\" srcset=\"https:\/\/ehl-i-lezzetiz.biz\/wp-content\/uploads\/Restaurant-Bl\u00fcemlismatt_-19-1024x683.jpg 1024w, https:\/\/ehl-i-lezzetiz.biz\/wp-content\/uploads\/Restaurant-Bl\u00fcemlismatt_-19-300x200.jpg 300w, https:\/\/ehl-i-lezzetiz.biz\/wp-content\/uploads\/Restaurant-Bl\u00fcemlismatt_-19-768x512.jpg 768w, https:\/\/ehl-i-lezzetiz.biz\/wp-content\/uploads\/Restaurant-Bl\u00fcemlismatt_-19-750x500.jpg 750w, https:\/\/ehl-i-lezzetiz.biz\/wp-content\/uploads\/Restaurant-Bl\u00fcemlismatt_-19.jpg 1240w\" sizes=\"auto, (max-width: 1024px) 100vw, 1024px\" \/><\/a><a href=\"https:\/\/ehl-i-lezzetiz.biz\/?attachment_id=7065\" rel=\"attachment wp-att-7065\"><br \/>\n<\/a><\/p>\n<p>Bl\u00fcmlismatta g\u00fczel bir yemek yedik fiyatlar \u0130svi\u00e7re i\u00e7in gayet normal. Servis ve yetkililer cana yak\u0131n. Bu kadar s\u00f6zden sonra bana mek\u00e2n\u0131 sadece \u00f6nerebilirim demek d\u00fc\u015fer. Mutlaka bir gidip manzaran\u0131n Bah\u00e7e d\u00fczenlemesinin ve lezzetlerin tad\u0131na bakin<\/p>\n<p>Lezzetli Selamlar Erhan<\/p>\n<p>[\/et_pb_text][\/et_pb_column][\/et_pb_row][\/et_pb_section]<\/p>\n","protected":false},"excerpt":{"rendered":"<p>Restoran Bl\u00fcemlismatt egerkingen`in yukarisinda Deniz \u00fczerinde y\u00fcksekli\u011fi 844 metrede kurulu bir da\u011f restoran\u0131.<br \/>\nAma geneldeki da\u011f restoranlar\u0131 havas\u0131nda bir ambiyansta de\u011fil kendinizi bir Gurme restorandan hissediyorsunuz.<br \/>\n\u00a0Restoran y\u00f6netimi Markus studer ve ekibi kesinlikle cana yak\u0131n tipler. Restoran civardaki dekorasyonlar ve bitki \u00e7e\u015fitlili\u011fi \u00e7ok d\u00fczenli bir \u015fekilde haz\u0131rlanm\u0131\u015f (Bir usta elinden planlan\u0131p, sevgi ile uyguland\u0131\u011f\u0131 belli)<\/p>\n","protected":false},"author":8,"featured_media":7061,"comment_status":"open","ping_status":"closed","sticky":false,"template":"","format":"standard","meta":{"_et_pb_use_builder":"on","_et_pb_old_content":"<p>Restoran Bl\u00fcemlismatt egerkingen`in yukarisinda Deniz \u00fczerinde y\u00fcksekli\u011fi 814 metrede kurulu bir da\u011f restoran\u0131.<br \/>Ama geneldeki da\u011f restoranlar\u0131 havas\u0131nda bir ambiyansta de\u011fil kendinizi bir Gurme restorandan hissediyorsunuz.<\/p><p><a href=\"https:\/\/ehl-i-lezzetiz.biz\/?attachment_id=7062\" rel=\"attachment wp-att-7062\"><br \/><\/a><img class=\"size-large wp-image-7062 aligncenter\" src=\"https:\/\/ehl-i-lezzetiz.biz\/wp-content\/uploads\/\/Restaurant-Bl\u00fcemlismatt_-15-1024x683.jpg\" alt=\"\" width=\"1024\" height=\"683\" \/> <a href=\"\/?p=7068\"><img class=\"size-large wp-image-7051 aligncenter\" src=\"https:\/\/ehl-i-lezzetiz.biz\/wp-content\/uploads\/\/Restaurant-Bl\u00fcemlismatt_-4-1024x683.jpg\" alt=\"\" width=\"1024\" height=\"683\" \/><\/a><\/p><p>Restoran y\u00f6netimi Markus studer ve ekibi kesinlikle cana yak\u0131n tipler. Restoran civardaki dekorasyonlar ve bitki \u00e7e\u015fitlili\u011fi \u00e7ok d\u00fczenli bir \u015fekilde haz\u0131rlanm\u0131\u015f (Bir usta elinden planlan\u0131p, sevgi ile uyguland\u0131\u011f\u0131 belli)<\/p><p><a href=\"\/?p=7068\"><img class=\"size-large wp-image-7049 aligncenter\" src=\"https:\/\/ehl-i-lezzetiz.biz\/wp-content\/uploads\/\/Restaurant-Bl\u00fcemlismatt_-2-1024x683.jpg\" alt=\"\" width=\"1024\" height=\"683\" \/><\/a><\/p><p>Bl\u00fcmlismatt ta g\u00fczel g\u00fcnlerde terasta yemek yiyebilirsiniz ya da bizim yapt\u0131\u011f\u0131m\u0131z gibi aperatiflerinizi terasta al\u0131p yeme\u011finizi rahatl\u0131kla i\u00e7eride de yiyebilirsiniz bunun yan\u0131nda Bl\u00fcmlismatt ta k\u00fc\u00e7\u00fck guruplar i\u00e7in kiralanabilecek kul\u00fcbeler de mevcut, buralarda arkada\u015flar\u0131n\u0131zla beraber raklet yada di\u011fer yemeklerin keyfini \u00e7\u0131karabilirsiniz.<\/p><p><a href=\"\/?p=7068\"><img class=\"size-large wp-image-7052 aligncenter\" src=\"https:\/\/ehl-i-lezzetiz.biz\/wp-content\/uploads\/\/Restaurant-Bl\u00fcemlismatt_-5-1024x683.jpg\" alt=\"\" width=\"1024\" height=\"683\" \/><\/a><\/p><p>Aperatiflerimizi al\u0131rken Manzaran\u0131n tad\u0131n\u0131 \u00e7\u0131kard\u0131k ama g\u00fcne\u015f uzakla\u015fmaya ba\u015flay\u0131nca r\u00fczg\u00e2rda sertle\u015fti. Daha sonra yeme\u011fimiz i\u00e7in i\u00e7eri masam\u0131za ge\u00e7tik. Arka tarafta galiba binaya daha sonradan eklenmi\u015f K\u0131\u015f bah\u00e7esindeki yerimiz rahatt\u0131.<\/p><p><a href=\"\/?p=7068\"><img class=\"size-large wp-image-7055 aligncenter\" src=\"https:\/\/ehl-i-lezzetiz.biz\/wp-content\/uploads\/\/Restaurant-Bl\u00fcemlismatt_-8-1024x683.jpg\" alt=\"\" width=\"1024\" height=\"683\" \/><\/a><a href=\"https:\/\/ehl-i-lezzetiz.biz\/?attachment_id=7055\" rel=\"attachment wp-att-7055\"><br \/><\/a><a href=\"https:\/\/ehl-i-lezzetiz.biz\/?attachment_id=7055\" rel=\"attachment wp-att-7055\"><br \/><\/a><\/p><p>Aperolar\u0131m\u0131z\u0131 al\u0131rken hepimiz yemekte neler yiyece\u011fimizi se\u00e7mi\u015ftik daha sonra yava\u015ftan yemeklerimizde gelmeye ba\u015flad\u0131lar.<\/p><p><a href=\"\/?p=7068\"><img class=\"size-large wp-image-7059 aligncenter\" src=\"https:\/\/ehl-i-lezzetiz.biz\/wp-content\/uploads\/\/Restaurant-Bl\u00fcemlismatt_-12-1024x683.jpg\" alt=\"\" width=\"1024\" height=\"683\" \/><\/a><\/p><p>Vecih ve ben ba\u015flang\u0131ca \u00e7orba s\u00f6yledik k\u0131zarm\u0131\u015f baharatl\u0131 ekmek par\u00e7ac\u0131klar\u0131 ile s\u00fcslenmi\u015f Kremal\u0131 Kabak \u00e7orbas\u0131 ve zencefilli Kremal\u0131 Havu\u00e7 \u00e7orbas\u0131. \u0130kisinde birbirinden harikayd\u0131. Banim i\u00e7in \u00e7orba yeme\u011fin anahtar\u0131 onsuz olmuyor.<\/p><p><a href=\"\/?p=7068\"><img class=\"size-large wp-image-7056 aligncenter\" src=\"https:\/\/ehl-i-lezzetiz.biz\/wp-content\/uploads\/\/Restaurant-Bl\u00fcemlismatt_-9-1024x683.jpg\" alt=\"\" width=\"1024\" height=\"683\" \/><\/a><\/p><p>Daha sonra salatalar\u0131m\u0131zla devam ettik. Bunu daha \u00f6ncede yazm\u0131\u015ft\u0131m restoran\u0131n \u00e7orba ve salataya verdi\u011fi \u00f6zen asl\u0131nda mek\u00e2n\u0131n kalitesinin g\u00f6stergesidir \u00e7orba ve salatalar\u0131m\u0131zda, g\u00f6r\u00fcnt\u00fcde lezzete harika idi. Benim salata versiyonumda \u00fczerinde hafif k\u0131zart\u0131lm\u0131\u015f k\u00fc\u00e7\u00fck mantarlar vard\u0131 ben mantar\u0131 \u00e7ok sevdi\u011fim i\u00e7in kalite benim i\u00e7in bir puan artm\u0131\u015f oldu.<\/p><p>\u00a0<\/p><p><a href=\"\/?p=7068\"><img class=\"size-large wp-image-7058 aligncenter\" src=\"https:\/\/ehl-i-lezzetiz.biz\/wp-content\/uploads\/\/Restaurant-Bl\u00fcemlismatt_-11-1024x683.jpg\" alt=\"\" width=\"1024\" height=\"683\" \/><\/a><a href=\"\/?p=7068\"><img class=\"size-large wp-image-7060 aligncenter\" src=\"https:\/\/ehl-i-lezzetiz.biz\/wp-content\/uploads\/\/Restaurant-Bl\u00fcemlismatt_-13-1024x683.jpg\" alt=\"\" width=\"1024\" height=\"683\" \/><\/a><\/p><p>Daha sonra ana yeme\u011fimiz yani etlerimiz geldi ben ve vecih Kuzu s\u0131rt Lokum di\u011fer arkada\u015flar ise S\u0131\u011f\u0131r antrkot (T\u00fcrkiye\u2019deki s\u00f6yleyi\u015fe g\u00f6re S\u0131\u011f\u0131r File) \u0131smarlad\u0131lar yan\u0131nda biraz sebzesi iste\u011fe g\u00f6re Patates k\u0131zartmas\u0131 yada makarnas\u0131 ile mantar yata\u011f\u0131nda servis edilen pembe pismi\u015f etlerimiz bir harikayd\u0131. Kuzu s\u0131rt lokumlar\u0131n \u00fczerinde k\u0131t\u0131r bir baharat kar\u0131\u015f\u0131mda lezzeti artt\u0131r\u0131yordu.<br \/>G\u00f6r\u00fcnt\u00fcs\u00fc ve lezzeti harika men\u00fclerimizi zevle bitirdik.<\/p><p>\u00a0<\/p><p>\u00a0<\/p><p>\u00a0<\/p><p>\u00a0<\/p><p><a href=\"https:\/\/ehl-i-lezzetiz.biz\/?attachment_id=7061\" rel=\"attachment wp-att-7061\"><img class=\"size-large wp-image-7061 aligncenter\" src=\"https:\/\/ehl-i-lezzetiz.biz\/wp-content\/uploads\/\/Restaurant-Bl\u00fcemlismatt_-14-1024x683.jpg\" alt=\"\" width=\"1024\" height=\"683\" \/> <\/a><\/p><p><a href=\"https:\/\/ehl-i-lezzetiz.biz\/?attachment_id=7061\" rel=\"attachment wp-att-7061\"><img class=\"size-large wp-image-7062 aligncenter\" src=\"https:\/\/ehl-i-lezzetiz.biz\/wp-content\/uploads\/\/Restaurant-Bl\u00fcemlismatt_-15-1024x683.jpg\" alt=\"\" width=\"1024\" height=\"683\" \/> <\/a><\/p><p><a href=\"\/?p=7068\"><img class=\"size-large wp-image-7063 aligncenter\" src=\"https:\/\/ehl-i-lezzetiz.biz\/wp-content\/uploads\/\/Restaurant-Bl\u00fcemlismatt_-16-1024x683.jpg\" alt=\"\" width=\"1024\" height=\"683\" \/><\/a><a href=\"https:\/\/ehl-i-lezzetiz.biz\/?attachment_id=7061\" rel=\"attachment wp-att-7061\"><br \/><\/a> <a href=\"https:\/\/ehl-i-lezzetiz.biz\/?attachment_id=7062\" rel=\"attachment wp-att-7062\"><br \/><\/a><\/p><p>En son tatl\u0131lar\u0131m\u0131za ge\u00e7tik Meyval\u0131 Tirami-su, \u00fczeri karamel yak\u0131lm\u0131\u015f krema ve mek\u00e2n\u0131n \u00f6zel tatl\u0131s\u0131 olan \u00e7ikolata merkezli kek tatl\u0131lar\u0131m\u0131z aksam\u0131 lezzetinin art\u0131rarak kapatmam\u0131za yard\u0131mc\u0131 oldular. Arkada\u015flar ak\u015fam\u0131m\u0131z\u0131 tatl\u0131n\u0131n \u00fczerine birer \u0130talyan limoncello ile kapatt\u0131lar.<\/p><p>\u00a0<\/p><p><a href=\"https:\/\/ehl-i-lezzetiz.biz\/?attachment_id=7064\" rel=\"attachment wp-att-7064\"><br \/><\/a> <a href=\"https:\/\/ehl-i-lezzetiz.biz\/?attachment_id=7065\" rel=\"attachment wp-att-7065\"><img class=\"size-large wp-image-7064 aligncenter\" src=\"https:\/\/ehl-i-lezzetiz.biz\/wp-content\/uploads\/\/Restaurant-Bl\u00fcemlismatt_-17-1024x683.jpg\" alt=\"\" width=\"1024\" height=\"683\" \/> <\/a><\/p><p><a href=\"https:\/\/ehl-i-lezzetiz.biz\/?attachment_id=7065\" rel=\"attachment wp-att-7065\"><img class=\"size-large wp-image-7065 aligncenter\" src=\"https:\/\/ehl-i-lezzetiz.biz\/wp-content\/uploads\/\/Restaurant-Bl\u00fcemlismatt_-18-1024x683.jpg\" alt=\"\" width=\"1024\" height=\"683\" \/> <\/a><a href=\"\/?p=7068\"><img class=\"size-large wp-image-7066 aligncenter\" src=\"https:\/\/ehl-i-lezzetiz.biz\/wp-content\/uploads\/\/Restaurant-Bl\u00fcemlismatt_-19-1024x683.jpg\" alt=\"\" width=\"1024\" height=\"683\" \/><\/a><a href=\"https:\/\/ehl-i-lezzetiz.biz\/?attachment_id=7065\" rel=\"attachment wp-att-7065\"><br \/><\/a><\/p><p>Bl\u00fcmlismatta g\u00fczel bir yemek yedik fiyatlar \u0130svi\u00e7re i\u00e7in gayet normal. Servis ve yetkililer cana yak\u0131n. Bu kadar s\u00f6zden sonra bana mek\u00e2n\u0131 sadece \u00f6nerebilirim demek d\u00fc\u015fer. Mutlaka bir gidip manzaran\u0131n Bah\u00e7e d\u00fczenlemesinin ve lezzetlerin tad\u0131na bakin<\/p><p>Lezzetli Selamlar Erhan<\/p>","_et_gb_content_width":"","footnotes":""},"categories":[3,509,26,4,14,7],"tags":[720,679,718,717,716,719],"class_list":["post-7068","post","type-post","status-publish","format-standard","has-post-thumbnail","hentry","category-ehl-i-lezzet","category-food-news","category-isvicre","category-lezzet-gezileri","category-lezzet-atlasi","category-restoran-gezileri","tag-alpen","tag-entrecotes","tag-kurbiscremesuppe","tag-gemischte-salat","tag-lammrucken","tag-restaurant-bluemlismatt"],"_links":{"self":[{"href":"https:\/\/ehl-i-lezzetiz.biz\/index.php?rest_route=\/wp\/v2\/posts\/7068","targetHints":{"allow":["GET"]}}],"collection":[{"href":"https:\/\/ehl-i-lezzetiz.biz\/index.php?rest_route=\/wp\/v2\/posts"}],"about":[{"href":"https:\/\/ehl-i-lezzetiz.biz\/index.php?rest_route=\/wp\/v2\/types\/post"}],"author":[{"embeddable":true,"href":"https:\/\/ehl-i-lezzetiz.biz\/index.php?rest_route=\/wp\/v2\/users\/8"}],"replies":[{"embeddable":true,"href":"https:\/\/ehl-i-lezzetiz.biz\/index.php?rest_route=%2Fwp%2Fv2%2Fcomments&post=7068"}],"version-history":[{"count":13,"href":"https:\/\/ehl-i-lezzetiz.biz\/index.php?rest_route=\/wp\/v2\/posts\/7068\/revisions"}],"predecessor-version":[{"id":21627,"href":"https:\/\/ehl-i-lezzetiz.biz\/index.php?rest_route=\/wp\/v2\/posts\/7068\/revisions\/21627"}],"wp:featuredmedia":[{"embeddable":true,"href":"https:\/\/ehl-i-lezzetiz.biz\/index.php?rest_route=\/wp\/v2\/media\/7061"}],"wp:attachment":[{"href":"https:\/\/ehl-i-lezzetiz.biz\/index.php?rest_route=%2Fwp%2Fv2%2Fmedia&parent=7068"}],"wp:term":[{"taxonomy":"category","embeddable":true,"href":"https:\/\/ehl-i-lezzetiz.biz\/index.php?rest_route=%2Fwp%2Fv2%2Fcategories&post=7068"},{"taxonomy":"post_tag","embeddable":true,"href":"https:\/\/ehl-i-lezzetiz.biz\/index.php?rest_route=%2Fwp%2Fv2%2Ftags&post=7068"}],"curies":[{"name":"wp","href":"https:\/\/api.w.org\/{rel}","templated":true}]}}